{"id":111245,"date":"2021-02-14T06:44:00","date_gmt":"2021-02-14T11:44:00","guid":{"rendered":"https:\/\/linitiative.ca\/International\/chirurgie-esthetique-au-maroc-tf1-explique-pourquoi-elle-a-retire-son-reportage\/"},"modified":"2021-02-14T06:44:00","modified_gmt":"2021-02-14T11:44:00","slug":"chirurgie-esthetique-au-maroc-tf1-explique-pourquoi-elle-a-retire-son-reportage","status":"publish","type":"post","link":"https:\/\/linitiative.ca\/International\/chirurgie-esthetique-au-maroc-tf1-explique-pourquoi-elle-a-retire-son-reportage\/","title":{"rendered":"Chirurgie esth\u00e9tique au Maroc : TF1 explique pourquoi elle a retir\u00e9 son reportage"},"content":{"rendered":"<p><strong>\u00a0Au cours de l\u2019\u00e9mission Sept \u00e0 huit du dimanche 7 f\u00e9vrier, la cha\u00eene TF1 a diffus\u00e9 un reportage sur la chirurgie esth\u00e9tique au Maroc, intitul\u00e9 \u00ab Maroc, la folie du bistouri \u00bb. Le reportage qui a choqu\u00e9 de nombreux internautes marocains sur les r\u00e9seaux sociaux, a \u00e9t\u00e9 retir\u00e9 du replay. Contact\u00e9e par Challenge, TF1 donne ses raisons.<\/strong><\/p>\n<div class=\"c10\">\n<\/div>\n<p>Le reportage aura fait parler de lui autant pour sa forme que pour son contenu. Au cours de l\u2019\u00e9mission\u00a0Sept \u00e0 huit\u00a0du dimanche 7\u00a0f\u00e9vrier, la cha\u00eene TF1\u00a0a propos\u00e9 un reportage choc sur la chirurgie esth\u00e9tique au Maroc. Intitul\u00e9 \u00ab Maroc, la folie du bistouri \u00bb, celui-ci a fait la part belle aux st\u00e9r\u00e9otypes et pr\u00e9jug\u00e9s, \u00e0 l\u2019heure o\u00f9 la chirurgie esth\u00e9tique ne cesse de se banaliser. En effet, si l\u2019\u00e9mission a suivi plusieurs patientes tr\u00e8s fi\u00e8res de leur corps transform\u00e9 pour correspondre \u00e0 certains canons de beaut\u00e9, le reportage pr\u00e9sente le Maroc en tant que pays \u00ab conservateur \u00bb avec des \u00ab valeurs occidentales \u00bb, opposant dans la foul\u00e9e la pratique de \u00ab mariage forc\u00e9 \u00bb et de \u00ab polygamie \u00bb \u00e0 une nouvelle classe de jeunes riches et banch\u00e9s \u00ab\u00a0Instagram\u00a0\u00bb soucieux de son \u00ab apparence physique \u00bb.<\/p>\n<p><strong>Lire aussi|<a href=\"https:\/\/www.challenge.ma\/lanme-denonce-latteinte-aux-institutions-marocaines-a-leur-tete-linstitution-monarchique-par-la-chaine-algerienne-echourouk-175233\/\">L\u2019ANME d\u00e9nonce l\u2019atteinte aux \u00ab institutions marocaines, \u00e0 leur t\u00eate l\u2019Institution monarchique \u00bb par la chaine alg\u00e9rienne Echourouk<\/a><\/strong><\/p>\n<p>Un chirurgien, qui propose \u00e0 ses clients de leur faire le \u00ab Ferrari design \u00bb, a \u00e9galement choqu\u00e9 de nombreux internautes marocains. Face \u00e0 un tel toll\u00e9, le reportage a \u00e9t\u00e9 retir\u00e9. \u00ab\u00a0Nous avons effectivement pr\u00e9f\u00e9r\u00e9 retirer ce sujet du Replay \u00e0 la demande d\u2019une des patientes que nous avons film\u00e9es. Elle \u00e9tait pleinement d\u2019accord pour participer \u00e0 notre reportage mais depuis la diffusion de ce dimanche 7 f\u00e9vrier, elle fait l\u2019objet de railleries et de commentaires d\u00e9sobligeants, de la part de son entourage mais aussi d\u2019internautes sur les r\u00e9seaux sociaux. Afin de pr\u00e9server sa tranquillit\u00e9, nous avons d\u00e9cid\u00e9 de ne pas mettre ce sujet en replay. Cette d\u00e9cision n\u2019est aucunement li\u00e9e \u00e0 l\u2019utilisation de l\u2019expression Ferrari design\u00a0\u00bb, explique Caroline Stevens, responsable communication \u2013 information TF1.<\/p>\n<p>Il faut dire que les internautes marocains ne se sont pas seulement content\u00e9s de critiquer le reportage, ils l\u2019ont \u00e9galement tourn\u00e9 en d\u00e9rision sur les r\u00e9seaux sociaux. \u00ab\u00a0L\u2019objet de ce reportage de Sept \u00e0 huit \u00e9tait de montrer une r\u00e9alit\u00e9, qui s\u2019est beaucoup d\u00e9velopp\u00e9e dans la soci\u00e9t\u00e9 marocaine, et de donner la parole \u00e0 la fois \u00e0 des m\u00e9decins qui pratiquent cette chirurgie esth\u00e9tique et \u00e0 des femmes qui y ont recours\u00a0\u00bb, justifie Caroline Stevens.<\/p>\n<p><strong>Lire aussi|<a href=\"https:\/\/www.challenge.ma\/moncef-slaoui-je-nai-jamais-dit-quil-y-aurait-suffisamment-de-vaccin-pour-vacciner-tout-le-monde-a-la-fois-175218\/\">Moncef Slaoui : \u00ab je n\u2019ai jamais dit qu\u2019il y aurait suffisamment de vaccin pour vacciner tout le monde \u00e0 la fois \u00bb<\/a><\/strong><\/p>\n<p>Auteur: Adama Sylla<br \/>\n<a href=\"https:\/\/www.challenge.ma\/chirurgie-esthetique-au-maroc-tf1-explique-pourquoi-elle-a-retire-son-reportage-175239\/\">Cliquez ici pour lire l&rsquo;article depuis sa source.<\/a><\/p>\n","protected":false},"excerpt":{"rendered":"<p>\u00a0Au cours de l\u2019\u00e9mission Sept \u00e0 huit du dimanche 7 f\u00e9vrier, la cha\u00eene TF1 a diffus\u00e9 un reportage sur la chirurgie esth\u00e9tique au Maroc, intitul\u00e9 \u00ab Maroc, la folie du bistouri \u00bb. Le reportage qui a choqu\u00e9 de nombreux internautes marocains sur les r\u00e9seaux sociaux, a \u00e9t\u00e9 retir\u00e9 du replay. Contact\u00e9e par Challenge, TF1 donne [&hellip;]<\/p>\n","protected":false},"author":1787,"featured_media":0,"comment_status":"closed","ping_status":"closed","sticky":false,"template":"","format":"standard","meta":{"fifu_image_url":"","fifu_image_alt":"","footnotes":""},"categories":[78,54],"tags":[],"class_list":["post-111245","post","type-post","status-publish","format-standard","hentry","category-economie","category-maroc"],"_links":{"self":[{"href":"https:\/\/linitiative.ca\/International\/wp-json\/wp\/v2\/posts\/111245","targetHints":{"allow":["GET"]}}],"collection":[{"href":"https:\/\/linitiative.ca\/International\/wp-json\/wp\/v2\/posts"}],"about":[{"href":"https:\/\/linitiative.ca\/International\/wp-json\/wp\/v2\/types\/post"}],"author":[{"embeddable":true,"href":"https:\/\/linitiative.ca\/International\/wp-json\/wp\/v2\/users\/1787"}],"replies":[{"embeddable":true,"href":"https:\/\/linitiative.ca\/International\/wp-json\/wp\/v2\/comments?post=111245"}],"version-history":[{"count":0,"href":"https:\/\/linitiative.ca\/International\/wp-json\/wp\/v2\/posts\/111245\/revisions"}],"wp:attachment":[{"href":"https:\/\/linitiative.ca\/International\/wp-json\/wp\/v2\/media?parent=111245"}],"wp:term":[{"taxonomy":"category","embeddable":true,"href":"https:\/\/linitiative.ca\/International\/wp-json\/wp\/v2\/categories?post=111245"},{"taxonomy":"post_tag","embeddable":true,"href":"https:\/\/linitiative.ca\/International\/wp-json\/wp\/v2\/tags?post=111245"}],"curies":[{"name":"wp","href":"https:\/\/api.w.org\/{rel}","templated":true}]}}