{"id":111246,"date":"2021-02-14T07:53:04","date_gmt":"2021-02-14T12:53:04","guid":{"rendered":"https:\/\/linitiative.ca\/International\/le-n1-mondial-tui-prefere-le-maroc-a-la-france\/"},"modified":"2021-02-14T07:53:04","modified_gmt":"2021-02-14T12:53:04","slug":"le-n1-mondial-tui-prefere-le-maroc-a-la-france","status":"publish","type":"post","link":"https:\/\/linitiative.ca\/International\/le-n1-mondial-tui-prefere-le-maroc-a-la-france\/","title":{"rendered":"Le N\u00b01 mondial TUI pr\u00e9f\u00e8re le Maroc \u00e0 la France"},"content":{"rendered":"<p><strong>Comme de nombreuses autres entreprises du secteur du tourisme, le N\u00b01 mondial TUI a \u00e9t\u00e9 particuli\u00e8rement touch\u00e9 par la crise li\u00e9e \u00e0 la pand\u00e9mie de Covid-19. Et le g\u00e9ant allemand doit faire des arbitrages. H\u00e9sitant depuis plusieurs mois \u00e0 d\u00e9localiser TUI France au Maroc, le g\u00e9ant allemand a enfin tranch\u00e9 en faisant du Royaume un pays clef dans son organisation.<\/strong><\/p>\n<div class=\"c10\">\n<\/div>\n<p>Frapp\u00e9 de plein fouet par la crise sanitaire, avec 3 milliards d\u2019euros de pertes en 2020, la poursuite de l\u2019aventure du g\u00e9ant allemand du tourisme TUI \u00e9tait suspendue au feu vert de l\u2019Union europ\u00e9enne \u00e0 la recapitalisation du voyagiste par l\u2019Etat allemand. C\u2019est chose faite depuis le 4 janvier avec l\u2019autorisation du projet de l\u2019Allemagne de contribuer \u00e0 hauteur de maximum 1,25 milliard d\u2019euros \u00e0 la recapitalisation du N\u00b01 mondial du voyage dans le cadre d\u2019un vaste ensemble de mesures d\u2019aide.\u00a0 Mastodonte allemand du secteur du tourisme de loisirs, TUI op\u00e8re dans plusieurs \u00c9tats membres de l\u2019UE. Mais aujourd\u2019hui, il doit faire des arbitrages. H\u00e9sitant depuis plusieurs mois \u00e0 d\u00e9localiser TUI France au Maroc, le g\u00e9ant allemand a enfin tranch\u00e9. En effet, si depuis quelques mois sa branche marocaine a r\u00e9cup\u00e9r\u00e9 certaines activit\u00e9s assur\u00e9es jusque-l\u00e0 depuis la France, le voyagiste a d\u00e9finitivement port\u00e9 son choix sur le royaume.<\/p>\n<p><strong>Lire aussi|<a href=\"https:\/\/www.challenge.ma\/chirurgie-esthetique-au-maroc-tf1-explique-pourquoi-elle-a-retire-son-reportage-175239\/\">Chirurgie esth\u00e9tique au Maroc : TF1 explique pourquoi elle a retir\u00e9 son reportage<\/a><\/strong><\/p>\n<p>Cette d\u00e9localisation devrait s\u2019accentuer : la filiale fran\u00e7aise du groupe a fini par subir un plan social massif avec la suppression de deux tiers des postes dans l\u2019Hexagone. Sur le terrain, la branche marocaine de TUI devient une plateforme de services pour le compte du p\u00f4le Europe de l\u2019Ouest du groupe, lequel englobe la France. Misant \u00e0 fond sur le Maroc, TUI a ainsi externalis\u00e9 vers le Royaume certaines de ses activit\u00e9s en Belgique. A noter que l\u2019activit\u00e9 du g\u00e9ant allemand dans le Maroc est g\u00e9r\u00e9e par plusieurs filiale dont la Soci\u00e9t\u00e9 d\u2019investissement a\u00e9rien (SIA), qui agit tout \u00e0 la fois comme repr\u00e9sentante de TUI Fly, agence de voyages et prestataire de sous-traitance (SAV, suivi des ventes, saisie informatique) des entit\u00e9s fran\u00e7aises et belges du groupe, via son centre d\u2019appels \u00e0 Casablanca. Celui-ci qui est appel\u00e9 \u00e0 grandir est dirig\u00e9 aujourd\u2019hui par le PDG de TUI France, Hans Van de Velde. Cette filiale marocaine du groupe TUI, \u00e9tait jusqu\u2019\u00e0 pr\u00e9sent rattach\u00e9e \u00e0 TUI Belgique. Au Maroc, Hans Van de Velde est second\u00e9 par Abdelkader Hsi. Cet ancien DG de Jetairfly au Maroc est nomm\u00e9 directeur g\u00e9n\u00e9ral adjoint de TUI au Maroc.<\/p>\n<p><strong>Lire aussi|<a href=\"https:\/\/www.challenge.ma\/lanme-denonce-latteinte-aux-institutions-marocaines-a-leur-tete-linstitution-monarchique-par-la-chaine-algerienne-echourouk-175233\/\">L\u2019ANME d\u00e9nonce l\u2019atteinte aux \u00ab institutions marocaines, \u00e0 leur t\u00eate l\u2019Institution monarchique \u00bb par la chaine alg\u00e9rienne Echourouk<\/a><\/strong><\/p>\n<p>Bas\u00e9e \u00e0 Casablanca, SIA compte pr\u00e8s de 250 salari\u00e9s dont une cinquantaine g\u00e8re des prestations pour TUI France. Selon une source proche du dossier, cette externalisation devrait repr\u00e9senter \u00ab une \u00e9conomie pour TUI France de 1,5 million d\u2019euros par an \u00bb.<\/p>\n<p>Poursuivant sa logique, le N\u00b01 mondial du tourisme bas\u00e9 \u00e0 Hanovre a parall\u00e8lement entam\u00e9 la recapitalisation de ses h\u00f4tels au Maroc. Le premier \u00e9tablissement concern\u00e9 par cette op\u00e9ration est sa filiale marocaine, notamment la Soci\u00e9t\u00e9 d\u2019investissement h\u00f4telier Almoravides, qui vient d\u2019\u00eatre recapitalis\u00e9e \u00e0 hauteur de 5 millions d\u2019euros, soit pr\u00e8s de 55 millions de DH. A noter que cette soci\u00e9t\u00e9 qui d\u00e9tient le Medina Gardens H\u00f4tel de Marrakech, un \u00e9tablissement quatre \u00e9toiles avait b\u00e9n\u00e9fici\u00e9 d\u2019investissements en 2018 pour int\u00e9grer la gamme TUI Blue. D\u2019autres recapitalisations sont \u00e0 l\u2019\u00e9tude. Au Maroc, le g\u00e9ant allemand est le propri\u00e9taire du parc aquatique Aqua Mirage, g\u00e9r\u00e9 par sa filiale tunisienne Magic Hotels, et de deux Club Marmara \u00e0 Marrakech et Agadir, exploit\u00e9s par le Groupe Atlas Voyages, pr\u00e9sid\u00e9 par Othman Ch\u00e9rif Alami, par ailleurs pr\u00e9sident du Conseil r\u00e9gional du tourisme (CRT) de Casablanca-Settat.<\/p>\n<p><strong>Lire aussi|<a href=\"https:\/\/www.challenge.ma\/moncef-slaoui-je-nai-jamais-dit-quil-y-aurait-suffisamment-de-vaccin-pour-vacciner-tout-le-monde-a-la-fois-175218\/\">Moncef Slaoui : \u00ab je n\u2019ai jamais dit qu\u2019il y aurait suffisamment de vaccin pour vacciner tout le monde \u00e0 la fois \u00bb<\/a><\/strong><\/p>\n<p>Auteur: Adama Sylla<br \/>\n<a href=\"https:\/\/www.challenge.ma\/le-n1-mondial-tui-prefere-le-maroc-a-la-france-175245\/\">Cliquez ici pour lire l&rsquo;article depuis sa source.<\/a><\/p>\n","protected":false},"excerpt":{"rendered":"<p>Comme de nombreuses autres entreprises du secteur du tourisme, le N\u00b01 mondial TUI a \u00e9t\u00e9 particuli\u00e8rement touch\u00e9 par la crise li\u00e9e \u00e0 la pand\u00e9mie de Covid-19. Et le g\u00e9ant allemand doit faire des arbitrages. H\u00e9sitant depuis plusieurs mois \u00e0 d\u00e9localiser TUI France au Maroc, le g\u00e9ant allemand a enfin tranch\u00e9 en faisant du Royaume un [&hellip;]<\/p>\n","protected":false},"author":1787,"featured_media":0,"comment_status":"closed","ping_status":"closed","sticky":false,"template":"","format":"standard","meta":{"fifu_image_url":"","fifu_image_alt":"","footnotes":""},"categories":[78,54],"tags":[],"class_list":["post-111246","post","type-post","status-publish","format-standard","hentry","category-economie","category-maroc"],"_links":{"self":[{"href":"https:\/\/linitiative.ca\/International\/wp-json\/wp\/v2\/posts\/111246","targetHints":{"allow":["GET"]}}],"collection":[{"href":"https:\/\/linitiative.ca\/International\/wp-json\/wp\/v2\/posts"}],"about":[{"href":"https:\/\/linitiative.ca\/International\/wp-json\/wp\/v2\/types\/post"}],"author":[{"embeddable":true,"href":"https:\/\/linitiative.ca\/International\/wp-json\/wp\/v2\/users\/1787"}],"replies":[{"embeddable":true,"href":"https:\/\/linitiative.ca\/International\/wp-json\/wp\/v2\/comments?post=111246"}],"version-history":[{"count":0,"href":"https:\/\/linitiative.ca\/International\/wp-json\/wp\/v2\/posts\/111246\/revisions"}],"wp:attachment":[{"href":"https:\/\/linitiative.ca\/International\/wp-json\/wp\/v2\/media?parent=111246"}],"wp:term":[{"taxonomy":"category","embeddable":true,"href":"https:\/\/linitiative.ca\/International\/wp-json\/wp\/v2\/categories?post=111246"},{"taxonomy":"post_tag","embeddable":true,"href":"https:\/\/linitiative.ca\/International\/wp-json\/wp\/v2\/tags?post=111246"}],"curies":[{"name":"wp","href":"https:\/\/api.w.org\/{rel}","templated":true}]}}