{"id":111247,"date":"2021-02-14T11:37:40","date_gmt":"2021-02-14T16:37:40","guid":{"rendered":"https:\/\/linitiative.ca\/International\/la-federation-marocaine-des-medias-condamne-les-derives-dun-programme-algerien-de-television-document\/"},"modified":"2021-02-14T11:37:40","modified_gmt":"2021-02-14T16:37:40","slug":"la-federation-marocaine-des-medias-condamne-les-derives-dun-programme-algerien-de-television-document","status":"publish","type":"post","link":"https:\/\/linitiative.ca\/International\/la-federation-marocaine-des-medias-condamne-les-derives-dun-programme-algerien-de-television-document\/","title":{"rendered":"La F\u00e9d\u00e9ration Marocaine des M\u00e9dias condamne les d\u00e9rives d\u2019un programme alg\u00e9rien de t\u00e9l\u00e9vision [Document]"},"content":{"rendered":"<p><strong>La F\u00e9d\u00e9ration Marocaine des M\u00e9dias (FMM) suit avec beaucoup d\u2019int\u00e9r\u00eat les diverses r\u00e9actions suscit\u00e9es par les d\u00e9rives de la part d\u2019une cha\u00eene alg\u00e9rienne \u00e0 l\u2019encontre du peuple marocain, ses symboles et son institution royale en la personne de S.M. le Roi.<\/strong><\/p>\n<div class=\"c10\">\n<\/div>\n<p>La F\u00e9d\u00e9ration d\u00e9nonce cette d\u00e9viation m\u00e9diatique abjecte ayant comport\u00e9 une attaque franche, une moquerie stupide et des commentaires immondes touchant la dignit\u00e9 du peuple marocain, n\u2019ayant aucun trait aux m\u0153urs m\u00e9diatiques. Ces agissements, poursuit la FMM, constituent une entorse aux lois et principes internationaux qui encadrent le travail m\u00e9diatique, y compris les programmes de divertissement. La F\u00e9d\u00e9ration condamne fermement le contenu de ce programme farfelu caract\u00e9ris\u00e9 par les expressions ridicules \u00e0 l\u2019encontre du Royaume du Maroc et les d\u00e9clarations moqueuses sur la religion, la dignit\u00e9 et les croyances humaines, ainsi que sur le peuple marocain fier de ses gloires, de sa longue histoire et de sa morale vertueuse.<\/p>\n<p><strong>Lire aussi | <a href=\"https:\/\/www.challenge.ma\/le-n1-mondial-tui-prefere-le-maroc-a-la-france-175245\/\" target=\"_blank\" rel=\"noreferrer noopener\">Le N\u00b01 mondial TUI pr\u00e9f\u00e8re le Maroc \u00e0 la France<\/a><\/strong><\/p>\n<p>L\u2019incitation \u00e0 la guerre, la violence, la haine, le racisme et la discrimination contenue dans ledit programme contre les juifs au Maroc et \u00e0 l\u2019\u00e9tranger va \u00e0 l\u2019encontre des principes internationaux qui encadrent la pratique professionnelle dans le domaine du journalisme et des m\u00e9dias, souligne la FMM. Elle appelle les responsables alg\u00e9riens \u00e0 faire preuve de sagesse et \u00e0 prendre en consid\u00e9ration les liens de voisinage et ce qui lie les deux peuples marocains et alg\u00e9riens fr\u00e8res en mati\u00e8re d\u2019histoire et de destin communs, en plus de la religion. La F\u00e9d\u00e9ration Marocaine des M\u00e9dias appelle \u00e9galement les dirigeants alg\u00e9riens \u00e0 pr\u00e9senter des excuses et \u00e0 se retirer de la campagne inacceptable \u00e0 travers laquelle ils incitent \u00e0 la haine et \u00e0 la discrimination catalyseurs de tension, violence et de guerre.<\/p>\n<p>Auteur: challenge<br \/>\n<a href=\"https:\/\/www.challenge.ma\/la-federation-marocaine-des-medias-condamne-les-derives-dun-programme-algerien-de-television-175256\/\">Cliquez ici pour lire l&rsquo;article depuis sa source.<\/a><\/p>\n","protected":false},"excerpt":{"rendered":"<p>La F\u00e9d\u00e9ration Marocaine des M\u00e9dias (FMM) suit avec beaucoup d\u2019int\u00e9r\u00eat les diverses r\u00e9actions suscit\u00e9es par les d\u00e9rives de la part d\u2019une cha\u00eene alg\u00e9rienne \u00e0 l\u2019encontre du peuple marocain, ses symboles et son institution royale en la personne de S.M. le Roi. La F\u00e9d\u00e9ration d\u00e9nonce cette d\u00e9viation m\u00e9diatique abjecte ayant comport\u00e9 une attaque franche, une moquerie [&hellip;]<\/p>\n","protected":false},"author":1787,"featured_media":0,"comment_status":"closed","ping_status":"closed","sticky":false,"template":"","format":"standard","meta":{"fifu_image_url":"","fifu_image_alt":"","footnotes":""},"categories":[78,54],"tags":[],"class_list":["post-111247","post","type-post","status-publish","format-standard","hentry","category-economie","category-maroc"],"_links":{"self":[{"href":"https:\/\/linitiative.ca\/International\/wp-json\/wp\/v2\/posts\/111247","targetHints":{"allow":["GET"]}}],"collection":[{"href":"https:\/\/linitiative.ca\/International\/wp-json\/wp\/v2\/posts"}],"about":[{"href":"https:\/\/linitiative.ca\/International\/wp-json\/wp\/v2\/types\/post"}],"author":[{"embeddable":true,"href":"https:\/\/linitiative.ca\/International\/wp-json\/wp\/v2\/users\/1787"}],"replies":[{"embeddable":true,"href":"https:\/\/linitiative.ca\/International\/wp-json\/wp\/v2\/comments?post=111247"}],"version-history":[{"count":0,"href":"https:\/\/linitiative.ca\/International\/wp-json\/wp\/v2\/posts\/111247\/revisions"}],"wp:attachment":[{"href":"https:\/\/linitiative.ca\/International\/wp-json\/wp\/v2\/media?parent=111247"}],"wp:term":[{"taxonomy":"category","embeddable":true,"href":"https:\/\/linitiative.ca\/International\/wp-json\/wp\/v2\/categories?post=111247"},{"taxonomy":"post_tag","embeddable":true,"href":"https:\/\/linitiative.ca\/International\/wp-json\/wp\/v2\/tags?post=111247"}],"curies":[{"name":"wp","href":"https:\/\/api.w.org\/{rel}","templated":true}]}}