{"id":111249,"date":"2021-02-14T14:13:47","date_gmt":"2021-02-14T19:13:47","guid":{"rendered":"https:\/\/linitiative.ca\/International\/medenine-achevement-des-travaux-de-lunite-double-reanimation-et-covid-19-a-lhopital-de-djerba\/"},"modified":"2021-02-14T14:13:47","modified_gmt":"2021-02-14T19:13:47","slug":"medenine-achevement-des-travaux-de-lunite-double-reanimation-et-covid-19-a-lhopital-de-djerba","status":"publish","type":"post","link":"https:\/\/linitiative.ca\/International\/medenine-achevement-des-travaux-de-lunite-double-reanimation-et-covid-19-a-lhopital-de-djerba\/","title":{"rendered":"M\u00e9denine : Ach\u00e8vement des travaux de l\u2019unit\u00e9 double \u00abR\u00e9animation et Covid-19\u00bb \u00e0 l\u2019H\u00f4pital de Djerba"},"content":{"rendered":"<div class=\"post-cont-in left relative\">\n<div id=\"post-info-wrap\" class=\"left relative post-info-out\">\n<div class=\"post-info-img left relative\"><img loading=\"lazy\" decoding=\"async\" alt=\"\" src=\"https:\/\/secure.gravatar.com\/avatar\/ea481d7287ad38ca1787f44b5bb1b70e?s=50&amp;d=mm&amp;r=g\" srcset=\"https:\/\/secure.gravatar.com\/avatar\/ea481d7287ad38ca1787f44b5bb1b70e?s=100&amp;d=mm&amp;r=g 2x\" class=\"avatar avatar-50 photo\" height=\"50\" width=\"50\"\/><\/div>\n<div class=\"post-info-in\">\n<div class=\"post-info-right left relative post-info-name left relative\"><span><span class=\"post-info-text\">Par<\/span> <span class=\"author-name vcard fn author\"><a href=\"https:\/\/www.tunisienumerique.com\/author\/rania-ben-slimane\/\" title=\"Articles par rania ben slimane\" rel=\"author\">rania ben slimane<\/a><\/span><\/span> <span class=\"post-date updated\"><time class=\"post-date updated\" datetime=\"2021-02-14\">\u00a0| Il y a 3 heures<\/time><\/span><br \/>\n<meta itemprop=\"dateModified\" content=\"2021-02-14\"\/><\/div>\n<div class=\"left relative\"><button id=\"listenButton1\" class=\"responsivevoice-button\" type=\"button\" value=\"Play\" title=\"\u00c9coutez l'article\"><span>\ud83d\udd0a \u00c9coutez l&rsquo;article<\/span><\/button>\n<\/div>\n<\/div>\n<\/div>\n<p>L\u2019administration de l\u2019H\u00f4pital R\u00e9gional, Sadok Mokaddem \u00e0 Djerba, a annonc\u00e9 ce dimanche 14 f\u00e9vrier 2021, l\u2019ach\u00e8vement des travaux de la double unit\u00e9 \u00ab Covid-19 et R\u00e9animation \u00bb r\u00e9alis\u00e9s par l\u2019Association Architectes Citoyens.<\/p>\n<div class=\"code-block code-block-1 c4\">\n <ins class=\"adsbygoogle c3\" data-ad-layout=\"in-article\" data-ad-format=\"fluid\" data-ad-client=\"ca-pub-2102118777505746\" data-ad-slot=\"7301775417\"\/>\n<\/div>\n<p>Ladite unit\u00e9 est pr\u00eate \u00e0 accueillir les patients atteints de coronavirus dans un premier temps, \u00e0 condition qu\u2019elle soit d\u00e9di\u00e9e au service de la r\u00e9animation ult\u00e9rieurement, apr\u00e8s le r\u00e9tablissement de la situation sanitaire, pour am\u00e9liorer les services hospitaliers.<\/p>\n<p>Ce projet a \u00e9t\u00e9 r\u00e9alis\u00e9 gr\u00e2ce \u00e0 un effort civil avec la participation de l\u2019Association Architectes Citoyens, la Fondation Djerba D\u00e9veloppement Durable, le Syndicat Tunisien des M\u00e9decins Lib\u00e9raux et un certain nombre d\u2019intervenants.<\/p>\n<p>Ces derniers ont jou\u00e9 des r\u00f4les importants, que ce soit en termes de conception, de construction et d\u2019\u00e9quipement, \u00e0 un co\u00fbt de plus d\u2019un million et 700 mille dinars, selon le coordinateur du projet et repr\u00e9sentant de la Fondation,Farhat Ben Tanfous.<\/p>\n<p>Selon Rached ben Jemaa, membre de l\u2019Association Architectes Citoyens, il a fallu 10 mois pour achever la r\u00e9alisation. Cette unit\u00e9 permettrait la prise en charge des patients infect\u00e9s par le Coronavirus, d\u2019autant plus que l\u2019\u00eele de Djerba est l\u2019une des zones les plus touch\u00e9es par l\u2019\u00e9pid\u00e9mie dans le gouvernorat de M\u00e9denine.<\/p>\n<div class=\"swp_social_panel swp_horizontal_panel swp_flat_fresh swp_default_full_color swp_individual_full_color swp_other_full_color scale-100 scale-\" data-min-width=\"1100\" data-float-color=\"#ffffff\" data-float=\"bottom\" data-float-mobile=\"bottom\" data-transition=\"slide\">\n<div class=\"nc_tweetContainer swp_share_button total_shares total_sharesalt\"><span class=\"swp_count\">8 <span class=\"swp_label\">Partages<\/span><\/span><\/div>\n<\/div>\n<p><strong>Que se passe-t-il en Tunisie?<\/strong><br \/>Nous expliquons sur notre <a href=\"https:\/\/www.youtube.com\/channel\/UCRzypVq0B_yBad5eGrwBx0Q?sub_confirmation=1\" target=\"_blank\" rel=\"noopener\">cha\u00eene YouTube<\/a> . <a href=\"https:\/\/www.youtube.com\/channel\/UCRzypVq0B_yBad5eGrwBx0Q?sub_confirmation=1\" target=\"_blank\" rel=\"noopener\">Abonnez-vous!<\/a><\/p>\n<div class=\"mvp-org-wrap\" itemprop=\"publisher\">\n<div class=\"mvp-org-logo\" itemprop=\"logo\"><img decoding=\"async\" src=\"https:\/\/www.tunisienumerique.com\/wp-content\/uploads\/2017\/02\/logo_tunisie_numerique.png\"\/><br \/>\n<meta itemprop=\"url\" content=\"https:\/\/www.tunisienumerique.com\/wp-content\/uploads\/2017\/02\/logo_tunisie_numerique.png\"\/><\/div>\n<p><meta content=\"Tunisie Num\u00e9rique\"\/><\/div>\n<div class=\"mvp-related-posts left relative\">\n<h4 class=\"post-header\"><span class=\"post-header\">Lire aussi<\/span><\/h4>\n<\/div>\n<div id=\"article-ad\">\n <ins class=\"adsbygoogle c5\" data-ad-client=\"ca-pub-2102118777505746\" data-ad-slot=\"6513972734\" data-ad-format=\"auto\" data-full-width-responsive=\"true\"\/>\n<\/div>\n<\/div>\n<div id=\"post-sidebar-wrap\">\n <ins class=\"adsbygoogle c5\" data-ad-client=\"ca-pub-2102118777505746\" data-ad-slot=\"6168283410\" data-ad-format=\"auto\" data-full-width-responsive=\"true\"\/>\n<\/div>\n<p>Auteur: rania ben slimane<br \/>\n<a href=\"https:\/\/www.tunisienumerique.com\/medenine-achevement-des-travaux-de-lunite-double-reanimation-et-covid-19-a-lhopital-de-djerba\/\">Cliquez ici pour lire l&rsquo;article depuis sa source.<\/a><\/p>\n","protected":false},"excerpt":{"rendered":"<p>Par rania ben slimane \u00a0| Il y a 3 heures \ud83d\udd0a \u00c9coutez l&rsquo;article L\u2019administration de l\u2019H\u00f4pital R\u00e9gional, Sadok Mokaddem \u00e0 Djerba, a annonc\u00e9 ce dimanche 14 f\u00e9vrier 2021, l\u2019ach\u00e8vement des travaux de la double unit\u00e9 \u00ab Covid-19 et R\u00e9animation \u00bb r\u00e9alis\u00e9s par l\u2019Association Architectes Citoyens. Ladite unit\u00e9 est pr\u00eate \u00e0 accueillir les patients atteints de [&hellip;]<\/p>\n","protected":false},"author":1789,"featured_media":0,"comment_status":"closed","ping_status":"closed","sticky":false,"template":"","format":"standard","meta":{"fifu_image_url":"https:\/\/secure.gravatar.com\/avatar\/ea481d7287ad38ca1787f44b5bb1b70e?s=50&d=mm&r=g","fifu_image_alt":"M\u00e9denine : Ach\u00e8vement des travaux de l\u2019unit\u00e9 double \u00abR\u00e9animation et Covid-19\u00bb \u00e0 l\u2019H\u00f4pital de Djerba","footnotes":""},"categories":[73,55],"tags":[],"class_list":["post-111249","post","type-post","status-publish","format-standard","hentry","category-actualite","category-tunisie"],"_links":{"self":[{"href":"https:\/\/linitiative.ca\/International\/wp-json\/wp\/v2\/posts\/111249","targetHints":{"allow":["GET"]}}],"collection":[{"href":"https:\/\/linitiative.ca\/International\/wp-json\/wp\/v2\/posts"}],"about":[{"href":"https:\/\/linitiative.ca\/International\/wp-json\/wp\/v2\/types\/post"}],"author":[{"embeddable":true,"href":"https:\/\/linitiative.ca\/International\/wp-json\/wp\/v2\/users\/1789"}],"replies":[{"embeddable":true,"href":"https:\/\/linitiative.ca\/International\/wp-json\/wp\/v2\/comments?post=111249"}],"version-history":[{"count":0,"href":"https:\/\/linitiative.ca\/International\/wp-json\/wp\/v2\/posts\/111249\/revisions"}],"wp:attachment":[{"href":"https:\/\/linitiative.ca\/International\/wp-json\/wp\/v2\/media?parent=111249"}],"wp:term":[{"taxonomy":"category","embeddable":true,"href":"https:\/\/linitiative.ca\/International\/wp-json\/wp\/v2\/categories?post=111249"},{"taxonomy":"post_tag","embeddable":true,"href":"https:\/\/linitiative.ca\/International\/wp-json\/wp\/v2\/tags?post=111249"}],"curies":[{"name":"wp","href":"https:\/\/api.w.org\/{rel}","templated":true}]}}