{"id":111254,"date":"2021-02-14T14:45:38","date_gmt":"2021-02-14T19:45:38","guid":{"rendered":"https:\/\/linitiative.ca\/International\/saint-valentin-en-afrique-des-roses-fletries-par-la-covid-19-et-ebola\/"},"modified":"2021-02-14T14:45:38","modified_gmt":"2021-02-14T19:45:38","slug":"saint-valentin-en-afrique-des-roses-fletries-par-la-covid-19-et-ebola","status":"publish","type":"post","link":"https:\/\/linitiative.ca\/International\/saint-valentin-en-afrique-des-roses-fletries-par-la-covid-19-et-ebola\/","title":{"rendered":"SAINT-VALENTIN EN AFRIQUE :Des roses fl\u00e9tries par la Covid-19 et Ebola"},"content":{"rendered":"<p class=\"c4\">L\u2019Afrique, \u00e0 l\u2019instar du reste du monde, a c\u00e9l\u00e9br\u00e9, le 14 f\u00e9vrier dernier, la Saint- Valentin, commun\u00e9ment appel\u00e9e la f\u00eate des amoureux. Comme l\u2019on pouvait s\u2019y attendre, la Covid-19 et son cort\u00e8ge de mesures-barri\u00e8res se sont invit\u00e9s \u00e0 l\u2019\u00e9v\u00e8nement tant et si bien que l\u2019on peut se permettre de \u00ab\u00a0<em>blasph\u00e9mer\u00a0<\/em>\u00bb en affirmant que le dieu de l\u2019amour, <em>Eros<\/em>, a \u00e9t\u00e9 contraint lui-m\u00eame d\u2019observer les mesures-barri\u00e8res. En tout cas, il a \u00e9t\u00e9 donn\u00e9 de voir des amoureux masqu\u00e9s \u00e0 quelques endroits mondains des villes africaines. Et cette cat\u00e9gorie de personnes respectueuses des mesures- barri\u00e8res, malheureusement, constitue une minorit\u00e9. Car, dans bien des pays africains, bien des citoyens se donnent beaucoup de libert\u00e9s quant \u00e0 l\u2019observance \u00a0des gestes barri\u00e8res. R\u00e9sultat\u00a0: la tendance \u00e0 la d\u00e9fiance de la Covid-19 est v\u00e9rifiable presque partout en Afrique.<\/p>\n<p class=\"c4\">En tout cas, \u00e0 en\u00a0 juger par les comportements des uns et des autres le jour de la Saint- Valentin, l\u2019on peut tirer la conclusion que la Covid-19 ne fait plus partie des pr\u00e9occupations de la majorit\u00e9 des contr\u00e9es africaines. Et cela est tr\u00e8s dommage. Car, la deuxi\u00e8me vague de la pand\u00e9mie est en train de faire mal \u00e0 l\u2019Afrique. Bien s\u00fbr, par rapport aux autres continents, l\u2019Afrique est moins affect\u00e9e par le mal. Mais de l\u00e0 \u00e0 s\u2019illustrer par des\u00a0 comportements on ne peut plus suicidaires, il y a un pas que l\u2019Afrique devrait se garder de franchir. Et comme si la menace li\u00e9e \u00e0 la Covid-19 ne suffisait pas, voil\u00e0 qu\u2019un autre mal, pire que le premier en termes de contamination, de prise en charge et de risques de d\u00e9c\u00e8s, vient de se signaler de nouveau en RDC et en Guin\u00e9e.\u00a0 Tout le monde l\u2019aura compris, il s\u2019agit d\u2019Ebola. Dans le deuxi\u00e8me pays cit\u00e9, c\u2019est-\u00e0-dire le pays de S\u00e9kou Tour\u00e9, la menace est prise tr\u00e8s au s\u00e9rieux. Et les autorit\u00e9s ont \u00e9t\u00e9 bien inspir\u00e9es d\u2019avoir tout mis en \u0153uvre pour circonscrire les cas.<\/p>\n<p class=\"c4\"><strong>A force de singer les autres, m\u00eame dans leurs bizarreries, l\u2019Afrique risque de perdre compl\u00e8tement son \u00e2me<\/strong><\/p>\n<p class=\"c4\">Les esprits n\u2019\u00e9taient donc pas \u00e0 la f\u00eate des amoureux dans ce pays, mais \u00e0 la mobilisation g\u00e9n\u00e9rale contre la Covid-19 et Ebola. \u00a0L\u2019on peut faire le constat que ces deux d\u00e9fis sanitaires que la Guin\u00e9e doit imp\u00e9rativement relever, sont venus se greffer \u00e0 une crise socio-politique dont le pays peine encore \u00e0 se relever. Si au plan sanitaire, on ne peut pas pointer la responsabilit\u00e9\u00a0 d\u2019une personne en particulier, il n\u2019en est pas de m\u00eame en ce qui concerne la crise socio-politique qui a s\u00e9v\u00e8rement \u00e9prouv\u00e9 la Guin\u00e9e.\u00a0 A ce niveau, le pays a \u00e9norm\u00e9ment souffert et souffre encore du seul fait de la boulimie du pouvoir du pr\u00e9sident Alpha Cond\u00e9. C\u2019est pourquoi on peut dire que la Guin\u00e9e souffre aujourd\u2019hui de trois maux\u00a0: la Covid-19, Ebola et Alpha Cond\u00e9.<\/p>\n<p class=\"c4\">Cela dit, la Covid-19 a v\u00e9ritablement affect\u00e9 les\u00a0 \u00e9conomies de presque tous les pays africains. Et cela, par ricochet, a impact\u00e9 durement le pouvoir d\u2019achat des citoyens. De ce fait, la f\u00eate des amoureux, \u00e0 l\u2019instar de toutes les autres f\u00eates que l\u2019Afrique a c\u00e9l\u00e9br\u00e9es en 2020 et en 2021, en a \u00e9t\u00e9 impact\u00e9e. C\u2019est pourquoi l\u2019on peut dire, relativement \u00e0 la f\u00eate de la Saint-Valentin, qu\u2019en Afrique, les roses ont \u00e9t\u00e9 fl\u00e9tries par la Covid-19 et Ebola. Cela dit, de mani\u00e8re g\u00e9n\u00e9rale, la f\u00eate des amoureux, en Afrique, est l\u2019affaire des milieux urbains. Et l\u00e0 aussi, elle n\u2019a du succ\u00e8s qu\u2019aupr\u00e8s de certains intellectuels. Pour l\u2019\u00e9crasante majorit\u00e9 des populations africaines, la Saint-Valentin ne signifie absolument rien. Et c\u2019est une tr\u00e8s bonne chose. Car, \u00e0 force de singer les autres, m\u00eame dans leurs bizarreries, l\u2019Afrique risque de perdre compl\u00e8tement son \u00e2me, si ce n\u2019est d\u00e9j\u00e0 fait. En tout cas, on peut d\u00e9j\u00e0 faire le constat que certaines s\u00e9parations voire certains divorces, en Afrique, tirent leurs origines de frustrations li\u00e9es \u00e0 la Saint- Valentin. Et ce qui alimente ces frustrations, n\u2019est pas forc\u00e9ment li\u00e9 \u00e0 l\u2019amour mais \u00e0 la qualit\u00e9 des cadeaux que se font les amoureux.<\/p>\n<p class=\"c4\"><strong>Pousdem\u00a0 PICKOU<\/strong><\/p>\n<p>Auteur: Le Pays<br \/>\n<a href=\"https:\/\/lepays.bf\/saint-valentin-en-afrique\/\">Cliquez ici pour lire l&rsquo;article depuis sa source.<\/a><\/p>\n","protected":false},"excerpt":{"rendered":"<p>L\u2019Afrique, \u00e0 l\u2019instar du reste du monde, a c\u00e9l\u00e9br\u00e9, le 14 f\u00e9vrier dernier, la Saint- Valentin, commun\u00e9ment appel\u00e9e la f\u00eate des amoureux. Comme l\u2019on pouvait s\u2019y attendre, la Covid-19 et son cort\u00e8ge de mesures-barri\u00e8res se sont invit\u00e9s \u00e0 l\u2019\u00e9v\u00e8nement tant et si bien que l\u2019on peut se permettre de \u00ab\u00a0blasph\u00e9mer\u00a0\u00bb en affirmant que le dieu [&hellip;]<\/p>\n","protected":false},"author":1813,"featured_media":0,"comment_status":"closed","ping_status":"closed","sticky":false,"template":"","format":"standard","meta":{"fifu_image_url":"","fifu_image_alt":"","footnotes":""},"categories":[73,81],"tags":[],"class_list":["post-111254","post","type-post","status-publish","format-standard","hentry","category-actualite","category-burkina-faso"],"_links":{"self":[{"href":"https:\/\/linitiative.ca\/International\/wp-json\/wp\/v2\/posts\/111254","targetHints":{"allow":["GET"]}}],"collection":[{"href":"https:\/\/linitiative.ca\/International\/wp-json\/wp\/v2\/posts"}],"about":[{"href":"https:\/\/linitiative.ca\/International\/wp-json\/wp\/v2\/types\/post"}],"author":[{"embeddable":true,"href":"https:\/\/linitiative.ca\/International\/wp-json\/wp\/v2\/users\/1813"}],"replies":[{"embeddable":true,"href":"https:\/\/linitiative.ca\/International\/wp-json\/wp\/v2\/comments?post=111254"}],"version-history":[{"count":0,"href":"https:\/\/linitiative.ca\/International\/wp-json\/wp\/v2\/posts\/111254\/revisions"}],"wp:attachment":[{"href":"https:\/\/linitiative.ca\/International\/wp-json\/wp\/v2\/media?parent=111254"}],"wp:term":[{"taxonomy":"category","embeddable":true,"href":"https:\/\/linitiative.ca\/International\/wp-json\/wp\/v2\/categories?post=111254"},{"taxonomy":"post_tag","embeddable":true,"href":"https:\/\/linitiative.ca\/International\/wp-json\/wp\/v2\/tags?post=111254"}],"curies":[{"name":"wp","href":"https:\/\/api.w.org\/{rel}","templated":true}]}}