{"id":111255,"date":"2021-02-14T14:50:13","date_gmt":"2021-02-14T19:50:13","guid":{"rendered":"https:\/\/linitiative.ca\/International\/sommet-du-g5-sahel-sur-le-terrorisme-sur-fond-de-6e-mandat-de-deby-quand-un-mal-en-cache-un-autre\/"},"modified":"2021-02-14T14:50:13","modified_gmt":"2021-02-14T19:50:13","slug":"sommet-du-g5-sahel-sur-le-terrorisme-sur-fond-de-6e-mandat-de-deby-quand-un-mal-en-cache-un-autre","status":"publish","type":"post","link":"https:\/\/linitiative.ca\/International\/sommet-du-g5-sahel-sur-le-terrorisme-sur-fond-de-6e-mandat-de-deby-quand-un-mal-en-cache-un-autre\/","title":{"rendered":"SOMMET DU G5 SAHEL SUR LE TERRORISME SUR FOND DE 6E MANDAT DE DEBY : Quand un mal en cache un autre"},"content":{"rendered":"<p class=\"c4\">Le ballet des avions pr\u00e9sidentiels se poursuit ce matin \u00e0 l\u2019a\u00e9roport Hassan Djamous de Ndjamena, avec l\u2019arriv\u00e9e, dans la capitale tchadienne, des chefs d\u2019Etat des pays du G5 pour un sommet de l\u2019organisation pr\u00e9vu pour se d\u00e9rouler du 15 au 16 f\u00e9vrier 2021. Les pr\u00e9sidents du Mali, du Niger, du Burkina Faso, de la Mauritanie et \u00e9videmment du Tchad, vont plancher, d\u00e8s cet apr\u00e8s-midi, sur l\u2019\u00e9volution de la lutte contre le terrorisme dans leur espace commun, et sur les nouvelles orientations \u00e0 y apporter tant sur le plan s\u00e9curitaire que sur le plan de la diplomatie et du d\u00e9veloppement. Les \u00e9changes vont se d\u00e9rouler sans la pr\u00e9sence physique de leur partenaire et homologue fran\u00e7ais, Emmanuel Macron, qui participera au huis clos des chefs d\u2019Etat pr\u00e9sents \u00e0 Ndjamena et \u00e0 la r\u00e9union pl\u00e9ni\u00e8re \u00e9largie aux partenaires internationaux, \u00a0derri\u00e8re son \u00e9cran et par visioconf\u00e9rence depuis son bureau de l\u2019Elys\u00e9e. La raison officielle avanc\u00e9e pour justifier cette absence inhabituelle, est la crise sanitaire li\u00e9e \u00e0 la maladie \u00e0 coronavirus, mais certains analystes estiment que la d\u00e9l\u00e9gation fran\u00e7aise a boud\u00e9 le sommet pour que sa venue ne serve pas de caution internationale \u00e0 la candidature controvers\u00e9e d\u2019Idriss Deby Itno \u00e0 un sixi\u00e8me mandat cons\u00e9cutif \u00e0 la t\u00eate du Tchad<strong>.<\/strong><\/p>\n<p class=\"c4\"><strong>L\u2019Elys\u00e9e pr\u00e9f\u00e8re invoquer opportun\u00e9ment la fermeture des fronti\u00e8res fran\u00e7aises pour raison de Covid-19, pour ne pas se rendre \u00e0 Ndjamena<\/strong><\/p>\n<p class=\"c4\">La pr\u00e9sence, en terre tchadienne, du plus haut responsable de l\u2019une des plus grandes d\u00e9mocraties au monde, aurait \u00e9t\u00e9 d\u2019autant plus embarrassante pour l\u2019Elys\u00e9e que depuis quelques jours, des Tchadiens bravent les matraques et les gaz lacrymog\u00e8nes pour d\u00e9noncer dans la rue, le pouvoir kleptocratique, autoritaire et ind\u00e9cemment corrompu du d\u00e9sormais Mar\u00e9chal Deby. C\u2019est vrai que le soutien de la France \u00e0 ce fils d\u2019\u00e9leveur modeste qui dirige le Tchad d\u2019une main de fer depuis 1990, rel\u00e8ve d\u2019un secret de Polichinelle, mais \u00eatre accueilli dans une ville en \u00e9bullition et hostile \u00e0 son h\u00f4te qui a opt\u00e9 pour des mandats \u00e0 l\u2019infini alors que la tendance est \u00e0 leur limitation sur tout le continent, serait pour le moins inconvenant et incongru pour le pr\u00e9sident fran\u00e7ais. Mais l\u2019Elys\u00e9e pr\u00e9f\u00e8re invoquer opportun\u00e9ment la fermeture des fronti\u00e8res fran\u00e7aises pour raison de Covid-19, pour ne pas se rendre \u00e0 Ndjamena, tout en \u00e9vitant le d\u00e9saveu public \u00e0 Idriss Deby qui, malgr\u00e9 ses frasques et son bilan plus que critiquable en mati\u00e8re de droits humains, demeure un partenaire strat\u00e9gique et indispensable dans la lutte contre le terrorisme au Sahel. N\u2019oublions pas en effet que ce sont les soldats qu\u2019il a projet\u00e9s dans l\u2019Adrar des Ifoghas \u00e0 l\u2019extr\u00eame Nord du Mali en 2013, qui ont permis de contenir les terroristes dans cette partie du pays et que sans l\u2019arm\u00e9e de Deby, le Lac Tchad serait pass\u00e9 sous le contr\u00f4le de Boko Haram d\u2019Abubakar Shekau. Pour autant, on est \u00e0 pr\u00e9sent convaincu, avec ce qui se passe dans la sous-r\u00e9gion neuf ans apr\u00e8s le d\u00e9clenchement du conflit \u00a0au Mali, qui a fini par d\u00e9border chez ses voisins du Niger et du Burkina, que les solutions militaires, bien qu\u2019\u00e9tant un mal n\u00e9cessaire pour endiguer la menace terroriste, ne sont pas la panac\u00e9e. Et c\u2019est d\u2019ailleurs conscients de cette effrayante r\u00e9alit\u00e9 que les pays membres du G5 Sahel, sous la houlette de la France, vont, au cours de ce sommet de Ndjamena, repenser les strat\u00e9gies \u00e0 mettre en \u0153uvre pour arriver \u00e0 bout du mal dans cet espace \u00a0sah\u00e9lo-saharien.<\/p>\n<p class=\"c4\">Cela dit, si l\u2019on peut se f\u00e9liciter des succ\u00e8s engrang\u00e9s par la force Barkhane dans le triangle de tous les dangers, form\u00e9 par les fronti\u00e8res communes du Mali, du Burkina et du Niger avec l\u2019affaiblissement de l\u2019Etat islamique au grand Sahara et la suppression de plusieurs hauts responsables d\u2019Al-Qa\u00efda au Maghreb islamique (Aqmi), dont son chef l\u2019Alg\u00e9rien Abdelmalek Droukdel tu\u00e9 le 4 juin 2020, il n\u2019en reste pas moins vrai que les r\u00e9sultats globalement obtenus par le G5-Sahel en six ans d\u2019op\u00e9ration, sont plus que mitig\u00e9s.<\/p>\n<p class=\"c4\"><strong>Esp\u00e9rons que nous n\u2019aurons pas \u00e0\u00a0 froncer les sourcils \u00e0 la lecture des conclusions de ce sommet de Ndjamena<\/strong><\/p>\n<p class=\"c4\">C\u2019est certainement fort de ce constat que le pr\u00e9sident Macron va,\u00a0 au cours de ce sommet, \u00e9voquer avec ses pairs, la question du retrait de quelque six cents soldats fran\u00e7ais de la zone, pour \u00eatre en phase avec son opinion publique de plus en plus hostile \u00e0 cette pr\u00e9sence militaire qui n\u2019a pas permis de d\u00e9faire les terroristes malgr\u00e9 les moyens impressionnants mobilis\u00e9s. Quant \u00e0 d\u2019autres chefs d\u2019Etat du G5-Sahel comme le Malien Bah Ndaw, ils seraient enclins \u00e0 discuter avec les groupes arm\u00e9s locaux pour mettre fin aux violences attis\u00e9es par des conflits communautaires qui n\u2019ont rien de religieux. \u00a0En associant ainsi le b\u00e2ton et la carotte, la paix pourrait revenir plus vite qu\u2019on pourrait l\u2019imaginer, surtout si la dimension <em>\u00ab\u00a0d\u00e9veloppement\u00a0<\/em>\u00bb est prise en compte comme le pr\u00e9voit ce sommet de Ndjamena. Le djihadisme id\u00e9ologique fond\u00e9 sur des r\u00e9f\u00e9rents religieux existe certes \u00a0dans chacun des pays du G5-Sahel, mais c\u2019est surtout le glissement vers les conflits communautaires, le banditisme et la criminalit\u00e9 aggrav\u00e9s par la pauvret\u00e9, le manque d\u2019emplois des jeunes et la mauvaise gouvernance, qui sont en train de porter l\u2019estocade \u00e0 ce qu\u2019il restait d\u2019estime et de respect des symboles de l\u2019Etat dans les zones aujourd\u2019hui instables. Il faut bien le dire, l\u2019abandon de ces zones par l\u2019Etat n\u2019est plus une bombe \u00e0 retardement\u00a0; c\u2019est une bombe qui a d\u00e9j\u00e0 explos\u00e9 et dont les d\u00e9g\u00e2ts doivent \u00eatre r\u00e9par\u00e9s pas par le <em>\u00ab\u00a0tout militaire\u00a0\u00bb<\/em>, mais par une approche hybride, alliant le feu \u00e0 la m\u00e9thode douce du d\u00e9veloppement endog\u00e8ne, afin de ramener les loups \u00e9gar\u00e9s (du moins ceux qui sont encore r\u00e9cup\u00e9rables) dans la bergerie de la R\u00e9publique. Esp\u00e9rons que nous n\u2019aurons pas \u00e0\u00a0 froncer les sourcils \u00e0 la lecture des conclusions de ce sommet de Ndjamena, parce que nos dirigeants sont sortis de la salle, le doigt toujours sur la g\u00e2chette, sans privil\u00e9gier l\u2019arme du d\u00e9veloppement et de la bonne gouvernance, particuli\u00e8rement efficace dans la lutte contre le terrorisme et l\u2019affiliation des jeunes aux groupes arm\u00e9s.<\/p>\n<p class=\"c4\"><strong><em>\u00ab\u00a0Le Pays\u00a0\u00bb<\/em><\/strong><\/p>\n<p class=\"c4\"><strong>\u00a0<\/strong><\/p>\n<p>Auteur: Le Pays<br \/>\n<a href=\"https:\/\/lepays.bf\/sommet-du-g5-sahel-sur-le-terrorisme-sur-fond-de-6e-mandat-de-deby-quand-un-mal-en-cache-un-autre\/\">Cliquez ici pour lire l&rsquo;article depuis sa source.<\/a><\/p>\n","protected":false},"excerpt":{"rendered":"<p>Le ballet des avions pr\u00e9sidentiels se poursuit ce matin \u00e0 l\u2019a\u00e9roport Hassan Djamous de Ndjamena, avec l\u2019arriv\u00e9e, dans la capitale tchadienne, des chefs d\u2019Etat des pays du G5 pour un sommet de l\u2019organisation pr\u00e9vu pour se d\u00e9rouler du 15 au 16 f\u00e9vrier 2021. Les pr\u00e9sidents du Mali, du Niger, du Burkina Faso, de la Mauritanie [&hellip;]<\/p>\n","protected":false},"author":1813,"featured_media":0,"comment_status":"closed","ping_status":"closed","sticky":false,"template":"","format":"standard","meta":{"fifu_image_url":"","fifu_image_alt":"","footnotes":""},"categories":[73,81],"tags":[],"class_list":["post-111255","post","type-post","status-publish","format-standard","hentry","category-actualite","category-burkina-faso"],"_links":{"self":[{"href":"https:\/\/linitiative.ca\/International\/wp-json\/wp\/v2\/posts\/111255","targetHints":{"allow":["GET"]}}],"collection":[{"href":"https:\/\/linitiative.ca\/International\/wp-json\/wp\/v2\/posts"}],"about":[{"href":"https:\/\/linitiative.ca\/International\/wp-json\/wp\/v2\/types\/post"}],"author":[{"embeddable":true,"href":"https:\/\/linitiative.ca\/International\/wp-json\/wp\/v2\/users\/1813"}],"replies":[{"embeddable":true,"href":"https:\/\/linitiative.ca\/International\/wp-json\/wp\/v2\/comments?post=111255"}],"version-history":[{"count":0,"href":"https:\/\/linitiative.ca\/International\/wp-json\/wp\/v2\/posts\/111255\/revisions"}],"wp:attachment":[{"href":"https:\/\/linitiative.ca\/International\/wp-json\/wp\/v2\/media?parent=111255"}],"wp:term":[{"taxonomy":"category","embeddable":true,"href":"https:\/\/linitiative.ca\/International\/wp-json\/wp\/v2\/categories?post=111255"},{"taxonomy":"post_tag","embeddable":true,"href":"https:\/\/linitiative.ca\/International\/wp-json\/wp\/v2\/tags?post=111255"}],"curies":[{"name":"wp","href":"https:\/\/api.w.org\/{rel}","templated":true}]}}