{"id":111256,"date":"2021-02-14T13:30:02","date_gmt":"2021-02-14T18:30:02","guid":{"rendered":"https:\/\/linitiative.ca\/International\/forum-russie-afrique-2022-mikhail-bogdanov-prend-conseil-chez-le-president-du-faso\/"},"modified":"2021-02-14T13:30:02","modified_gmt":"2021-02-14T18:30:02","slug":"forum-russie-afrique-2022-mikhail-bogdanov-prend-conseil-chez-le-president-du-faso","status":"publish","type":"post","link":"https:\/\/linitiative.ca\/International\/forum-russie-afrique-2022-mikhail-bogdanov-prend-conseil-chez-le-president-du-faso\/","title":{"rendered":"Forum Russie-Afrique 2022  : Mikha\u00efl Bogdanov prend conseil chez le pr\u00e9sident du Faso"},"content":{"rendered":"<div class=\"td-post-featured-image\"><a href=\"https:\/\/www.sidwaya.info\/wp-content\/uploads\/2021\/02\/1-27.jpg\" data-caption=\"\"><img loading=\"lazy\" decoding=\"async\" width=\"595\" height=\"397\" class=\"entry-thumb td-modal-image\" src=\"https:\/\/www.sidwaya.info\/wp-content\/uploads\/2021\/02\/1-27.jpg\" srcset=\"https:\/\/www.sidwaya.info\/wp-content\/uploads\/2021\/02\/1-27.jpg 595w, https:\/\/www.sidwaya.info\/wp-content\/uploads\/2021\/02\/1-27-300x200.jpg 300w, https:\/\/www.sidwaya.info\/wp-content\/uploads\/2021\/02\/1-27-150x100.jpg 150w\" sizes=\"auto, (max-width: 595px) 100vw, 595px\" alt=\"\" title=\"1\"\/><\/a><\/div>\n<p><strong>Le vice-ministre russe des Affaires \u00e9trang\u00e8res, Mikha\u00efl Bogdanov a \u00e9t\u00e9 re\u00e7u, en audience, le vendredi 12 f\u00e9vrier 2021, par le Pr\u00e9sident du Faso, Roch Marc Christian Kabor\u00e9.<\/strong><\/p>\n<p>La Russie veut renforcer ses relations d\u2019amiti\u00e9 et de coop\u00e9ration avec le Burkina Faso. L\u2019annonce a \u00e9t\u00e9 faite, le vendredi 12 f\u00e9vrier 2021, par le vice-ministre russe des Affaires \u00e9trang\u00e8res, Mikha\u00efl Bogdanov, \u00e0 l\u2019issue d\u2019une audience avec le chef de l\u2019Etat, Roch Marc Christian Kabor\u00e9. \u00ab Nous avons discut\u00e9 tr\u00e8s en d\u00e9tail de toutes les opportunit\u00e9s pour le renforcement des relations d\u2019amiti\u00e9 de longue date, qui existent entre nos deux pays et qui ont toujours \u00e9t\u00e9 bas\u00e9es sur le respect mutuel \u00bb, a confi\u00e9 M. Bogdanov, par ailleurs, envoy\u00e9 sp\u00e9cial du pr\u00e9sident de la F\u00e9d\u00e9ration de Russie pour les pays d\u2019Afrique et le Proche-Orient.<br \/>Il a ajout\u00e9 qu\u2019il a r\u00e9affirm\u00e9 au pr\u00e9sident Kabor\u00e9, la volont\u00e9 de son homologue Vladimir Poutine de renforcer le dialogue entre la Russie et le Burkina Faso. Il existe d\u00e9j\u00e0, a-t-il poursuivi, un m\u00e9morandum de coop\u00e9ration entre les deux minist\u00e8res en charge des affaires \u00e9trang\u00e8res pour les \u00e9changes diplomatiques, que les deux parties s\u2019accordent \u00e0 respecter.<\/p>\n<p>\u00ab Nous sommes totalement soucieux de respecter ce m\u00e9morandum. Car, c\u2019est le cadre id\u00e9al pour discuter des agendas national et international des deux pays \u00bb, a-t-il expliqu\u00e9. Le vice-ministre russe des Affaires \u00e9trang\u00e8res a confirm\u00e9, par ailleurs, la poursuite du programme de formation des cadres de l\u2019administration burkinab\u00e8 dans divers domaines et m\u00e9tiers.<\/p>\n<p>Les d\u00e9cisions issues du premier forum Russie\/Afrique, tenu en octobre 2019 \u00e0 Sotchi, ont \u00e9t\u00e9 \u00e9galement au menu des \u00e9changes avec le pr\u00e9sident du Faso. \u00ab Nous avons demand\u00e9 aussi les conseils du pr\u00e9sident Kabor\u00e9 et ses recommandations en ce qui concerne la pr\u00e9paration du forum pr\u00e9vu pour 2022 dans un pays africain. Nous avons recueilli les recommandations du pr\u00e9sident Kabor\u00e9 pour l\u2019organisation du prochain forum Russie-Afrique \u00bb, a d\u00e9clar\u00e9 Mikha\u00efl Bogdanov.<\/p>\n<p class=\"c1\"><strong>W. Aubin NANA<\/strong><\/p>\n<div class=\"td-a-rec td-a-rec-id-content_bottom tdi_33_a08 td_block_template_1\">\n<p><img loading=\"lazy\" decoding=\"async\" class=\"aligncenter size-full wp-image-27454\" src=\"https:\/\/www.sidwaya.info\/wp-content\/uploads\/2020\/10\/PUB-Bandeau-paiement-mobile-siteweb.jpg\" alt=\"\" width=\"728\" height=\"90\"\/><\/div>\n<p>Auteur: BM. Sidwaya<br \/>\n<a href=\"https:\/\/www.sidwaya.info\/blog\/2021\/02\/14\/forum-russie-afrique-2022-mikhail-bogdanov-prend-conseil-chez-le-president-du-faso\/\">Cliquez ici pour lire l&rsquo;article depuis sa source.<\/a><\/p>\n","protected":false},"excerpt":{"rendered":"<p>Le vice-ministre russe des Affaires \u00e9trang\u00e8res, Mikha\u00efl Bogdanov a \u00e9t\u00e9 re\u00e7u, en audience, le vendredi 12 f\u00e9vrier 2021, par le Pr\u00e9sident du Faso, Roch Marc Christian Kabor\u00e9. La Russie veut renforcer ses relations d\u2019amiti\u00e9 et de coop\u00e9ration avec le Burkina Faso. L\u2019annonce a \u00e9t\u00e9 faite, le vendredi 12 f\u00e9vrier 2021, par le vice-ministre russe des [&hellip;]<\/p>\n","protected":false},"author":1816,"featured_media":0,"comment_status":"closed","ping_status":"closed","sticky":false,"template":"","format":"standard","meta":{"fifu_image_url":"https:\/\/www.sidwaya.info\/wp-content\/uploads\/2021\/02\/1-27.jpg","fifu_image_alt":"Forum Russie-Afrique 2022  : Mikha\u00efl Bogdanov prend conseil chez le pr\u00e9sident du Faso","footnotes":""},"categories":[73,81],"tags":[],"class_list":["post-111256","post","type-post","status-publish","format-standard","hentry","category-actualite","category-burkina-faso"],"_links":{"self":[{"href":"https:\/\/linitiative.ca\/International\/wp-json\/wp\/v2\/posts\/111256","targetHints":{"allow":["GET"]}}],"collection":[{"href":"https:\/\/linitiative.ca\/International\/wp-json\/wp\/v2\/posts"}],"about":[{"href":"https:\/\/linitiative.ca\/International\/wp-json\/wp\/v2\/types\/post"}],"author":[{"embeddable":true,"href":"https:\/\/linitiative.ca\/International\/wp-json\/wp\/v2\/users\/1816"}],"replies":[{"embeddable":true,"href":"https:\/\/linitiative.ca\/International\/wp-json\/wp\/v2\/comments?post=111256"}],"version-history":[{"count":0,"href":"https:\/\/linitiative.ca\/International\/wp-json\/wp\/v2\/posts\/111256\/revisions"}],"wp:attachment":[{"href":"https:\/\/linitiative.ca\/International\/wp-json\/wp\/v2\/media?parent=111256"}],"wp:term":[{"taxonomy":"category","embeddable":true,"href":"https:\/\/linitiative.ca\/International\/wp-json\/wp\/v2\/categories?post=111256"},{"taxonomy":"post_tag","embeddable":true,"href":"https:\/\/linitiative.ca\/International\/wp-json\/wp\/v2\/tags?post=111256"}],"curies":[{"name":"wp","href":"https:\/\/api.w.org\/{rel}","templated":true}]}}