{"id":111257,"date":"2021-02-14T13:33:40","date_gmt":"2021-02-14T18:33:40","guid":{"rendered":"https:\/\/linitiative.ca\/International\/cooperation-bilaterale-les-presidents-kabore-et-ndaw-veulent-rechauffer-laxe-ouaga-bamoko\/"},"modified":"2021-02-14T13:33:40","modified_gmt":"2021-02-14T18:33:40","slug":"cooperation-bilaterale-les-presidents-kabore-et-ndaw-veulent-rechauffer-laxe-ouaga-bamoko","status":"publish","type":"post","link":"https:\/\/linitiative.ca\/International\/cooperation-bilaterale-les-presidents-kabore-et-ndaw-veulent-rechauffer-laxe-ouaga-bamoko\/","title":{"rendered":"Coop\u00e9ration bilat\u00e9rale  : les pr\u00e9sidents Kabor\u00e9 et N\u2019Daw veulent  r\u00e9chauffer l\u2019axe Ouaga-Bamoko"},"content":{"rendered":"<div class=\"td-post-featured-image\"><a href=\"https:\/\/www.sidwaya.info\/wp-content\/uploads\/2021\/02\/1-28.jpg\" data-caption=\"\"><img loading=\"lazy\" decoding=\"async\" width=\"595\" height=\"397\" class=\"entry-thumb td-modal-image\" src=\"https:\/\/www.sidwaya.info\/wp-content\/uploads\/2021\/02\/1-28.jpg\" srcset=\"https:\/\/www.sidwaya.info\/wp-content\/uploads\/2021\/02\/1-28.jpg 595w, https:\/\/www.sidwaya.info\/wp-content\/uploads\/2021\/02\/1-28-300x200.jpg 300w, https:\/\/www.sidwaya.info\/wp-content\/uploads\/2021\/02\/1-28-150x100.jpg 150w\" sizes=\"auto, (max-width: 595px) 100vw, 595px\" alt=\"\" title=\"1\"\/><\/a><\/div>\n<p><strong>Le pr\u00e9sident de la Transition du Mali, Bah N\u2019Daw, a effectu\u00e9 une visite d\u2019amiti\u00e9 et de travail au Burkina Faso, le samedi 13 f\u00e9vrier 2021. Il a \u00e9t\u00e9 re\u00e7u par le Chef de l\u2019Etat burkinab\u00e8, Roch Marc Christian Kabor\u00e9, \u00e0 Ouagadougou.<\/strong><\/p>\n<p>Le pr\u00e9sident de la Transition du Mali a effectu\u00e9 sa premi\u00e8re visite officielle au Burkina Faso, le samedi 13 f\u00e9vrier 2021, \u00e0 Ouagadougou. Une visite d\u2019amiti\u00e9 et de travail afin de renforcer l\u2019axe Ouagadougou-Bamako.<\/p>\n<p>\u00ab C\u2019est une visite que nous avions initi\u00e9e depuis la mise en place des organes de la transition afin de venir raffermir nos relations de bon voisinage, mais l\u2019agenda \u00e9lectoral au Burkina Faso n\u2019a pas permis que cette visite puisse s\u2019effectuer le plus t\u00f4t possible \u00bb, a indiqu\u00e9 le ministre malien des Affaires \u00e9trang\u00e8res et de la Coop\u00e9ration internationale, Zeyni Moulaye, au sortir des \u00e9changes entre les pr\u00e9sidents burkinab\u00e8 Roch Marc Christian Kabor\u00e9 et malien Bah N\u2019daw. Apr\u00e8s l\u2019agenda \u00e9lectoral, s\u2019est invit\u00e9 le pic de la COVID-19 qui a conduit \u00e0 des restrictions des d\u00e9placements dans les deux pays. \u00ab Apr\u00e8s tout cela, il \u00e9tait bon que nous effectuions cette visite d\u2019amiti\u00e9 et de travail afin de raffermir nos relations de bon voisinage et renforcer notre coop\u00e9ration bilat\u00e9rale sur le plan \u00e9conomique, social, culturel et m\u00eame cultuel \u00bb, a fait savoir le ministre malien.<\/p>\n<p>Selon le ministre burkinab\u00e8 des Affaires \u00e9trang\u00e8res, de la Coop\u00e9ration, de l\u2019Int\u00e9gration et des Burkinab\u00e8 de l\u2019ext\u00e9rieur, Alpha Barry, ce raffermissement de l\u2019axe Ouaga-Bamako se fera \u00e0 travers la reprise de la commission mixte de coop\u00e9ration entre les deux pays. \u00ab Nous allons prendre les dispositions pour que cette commission mixte de coop\u00e9ration, qui n\u2019a pas eu lieu depuis 2012, puisse se tenir le plus rapidement possible. Car il y a beaucoup d\u2019accords sur la table qui attendent d\u2019\u00eatre examin\u00e9s par cette commission afin de renforcer l\u2019int\u00e9gration entre nos deux pays voisins et fr\u00e8res \u00bb, a soulign\u00e9 le patron de la diplomatie burkinab\u00e8. Et d\u2019ajouter que le pr\u00e9sident N\u2019Daw a pr\u00e9sent\u00e9 l\u2019\u00e9volution de la situation politique et s\u00e9curitaire de son pays \u00e0 son homologue du Burkina Faso. \u00ab Les deux chefs d\u2019Etat ont \u00e9galement \u00e9chang\u00e9 sur des sujets qui seront \u00e0 l\u2019ordre du jour du prochain sommet du G5 Sahel \u00e0 Ndjamena et qui doit d\u00e9boucher sur de nouveaux engagements beaucoup plus importants dans la lutte contre le terrorisme \u00bb, a ajout\u00e9 Alpha Barry.<\/p>\n<p>La pr\u00e9sidence malienne dit \u00eatre \u00e9galement venue \u00e0 l\u2019\u00e9cole de la transition burkinab\u00e8. \u00ab Nous esp\u00e9rons tirer de l\u2019exp\u00e9rience du Burkina Faso des \u00e9l\u00e9ments pour passer en douceur cette p\u00e9riode de transition sur laquelle nous travaillons depuis quelques mois et qui prendre fin, s\u2019il plait \u00e0 Dieu, dans un an \u00bb, a confi\u00e9 le diplomate malien.<br \/>Pour cette premi\u00e8re visite officielle au pays des Hommes int\u00e8gres, le pr\u00e9sident N\u2019Daw \u00e9tait accompagn\u00e9 par les ministres r\u00e9galiens de la D\u00e9fense, de l\u2019Administration du territoire et des Affaires \u00e9trang\u00e8res.<\/p>\n<p class=\"c1\">Mahamadi SEBOGO<br \/>Windmad76@gmail.com<\/p>\n<div class=\"td-a-rec td-a-rec-id-content_bottom tdi_33_072 td_block_template_1\">\n<p><img loading=\"lazy\" decoding=\"async\" class=\"aligncenter size-full wp-image-27454\" src=\"https:\/\/www.sidwaya.info\/wp-content\/uploads\/2020\/10\/PUB-Bandeau-paiement-mobile-siteweb.jpg\" alt=\"\" width=\"728\" height=\"90\"\/><\/div>\n<p>Auteur: BM. Sidwaya<br \/>\n<a href=\"https:\/\/www.sidwaya.info\/blog\/2021\/02\/14\/cooperation-bilaterale-les-presidents-kabore-et-ndaw-veulent-rechauffer-laxe-ouaga-bamoko\/\">Cliquez ici pour lire l&rsquo;article depuis sa source.<\/a><\/p>\n","protected":false},"excerpt":{"rendered":"<p>Le pr\u00e9sident de la Transition du Mali, Bah N\u2019Daw, a effectu\u00e9 une visite d\u2019amiti\u00e9 et de travail au Burkina Faso, le samedi 13 f\u00e9vrier 2021. Il a \u00e9t\u00e9 re\u00e7u par le Chef de l\u2019Etat burkinab\u00e8, Roch Marc Christian Kabor\u00e9, \u00e0 Ouagadougou. Le pr\u00e9sident de la Transition du Mali a effectu\u00e9 sa premi\u00e8re visite officielle au [&hellip;]<\/p>\n","protected":false},"author":1816,"featured_media":0,"comment_status":"closed","ping_status":"closed","sticky":false,"template":"","format":"standard","meta":{"fifu_image_url":"https:\/\/www.sidwaya.info\/wp-content\/uploads\/2021\/02\/1-28.jpg","fifu_image_alt":"Coop\u00e9ration bilat\u00e9rale  : les pr\u00e9sidents Kabor\u00e9 et N\u2019Daw veulent  r\u00e9chauffer l\u2019axe Ouaga-Bamoko","footnotes":""},"categories":[73,81],"tags":[],"class_list":["post-111257","post","type-post","status-publish","format-standard","hentry","category-actualite","category-burkina-faso"],"_links":{"self":[{"href":"https:\/\/linitiative.ca\/International\/wp-json\/wp\/v2\/posts\/111257","targetHints":{"allow":["GET"]}}],"collection":[{"href":"https:\/\/linitiative.ca\/International\/wp-json\/wp\/v2\/posts"}],"about":[{"href":"https:\/\/linitiative.ca\/International\/wp-json\/wp\/v2\/types\/post"}],"author":[{"embeddable":true,"href":"https:\/\/linitiative.ca\/International\/wp-json\/wp\/v2\/users\/1816"}],"replies":[{"embeddable":true,"href":"https:\/\/linitiative.ca\/International\/wp-json\/wp\/v2\/comments?post=111257"}],"version-history":[{"count":0,"href":"https:\/\/linitiative.ca\/International\/wp-json\/wp\/v2\/posts\/111257\/revisions"}],"wp:attachment":[{"href":"https:\/\/linitiative.ca\/International\/wp-json\/wp\/v2\/media?parent=111257"}],"wp:term":[{"taxonomy":"category","embeddable":true,"href":"https:\/\/linitiative.ca\/International\/wp-json\/wp\/v2\/categories?post=111257"},{"taxonomy":"post_tag","embeddable":true,"href":"https:\/\/linitiative.ca\/International\/wp-json\/wp\/v2\/tags?post=111257"}],"curies":[{"name":"wp","href":"https:\/\/api.w.org\/{rel}","templated":true}]}}