{"id":111261,"date":"2021-02-14T08:18:02","date_gmt":"2021-02-14T13:18:02","guid":{"rendered":"https:\/\/linitiative.ca\/International\/ebola-refait-surface-en-guinee\/"},"modified":"2021-02-14T08:18:02","modified_gmt":"2021-02-14T13:18:02","slug":"ebola-refait-surface-en-guinee","status":"publish","type":"post","link":"https:\/\/linitiative.ca\/International\/ebola-refait-surface-en-guinee\/","title":{"rendered":"Ebola refait surface en Guin\u00e9e"},"content":{"rendered":"<div readability=\"32\">\n<p>Publi\u00e9 le 14.02.2021 \u00e0 14h18 par APA News<\/p>\n<\/div>\n<div readability=\"86\">\n<p>Le virus Ebola a d\u00e9j\u00e0 tu\u00e9 quatre personnes en r\u00e9gion foresti\u00e8re d\u2019o\u00f9 \u00e9tait partie la pire \u00e9pid\u00e9mie de l\u2019histoire en 2013, a indiqu\u00e9 samedi le ministre guin\u00e9en de la Sant\u00e9.C\u2019est la premi\u00e8re r\u00e9surgence de la maladie en Afrique de l\u2019Ouest depuis 2016. En effet, depuis cette date, plus aucun d\u00e9c\u00e8s n\u2019avait \u00e9t\u00e9 enregistr\u00e9 en Guin\u00e9e. Le pays esp\u00e9rait alors avoir termin\u00e9 avec cette \u00e9pid\u00e9mie qui avait caus\u00e9 des milliers de morts entre 2013 et 2016. Mais la voil\u00e0 de retour.<\/p>\n<p>\u00ab Une infirmi\u00e8re de Gou\u00e9k\u00e9 est tomb\u00e9e malade vers la fin du mois de janvier. Elle est d\u00e9c\u00e9d\u00e9e entre le 27 et le 28 janvier et a \u00e9t\u00e9 inhum\u00e9e le 1er f\u00e9vrier \u00e0 Gou\u00e9k\u00e9\u00a0\u00bb, a indiqu\u00e9 le directeur de l\u2019Agence Nationale de la S\u00e9curit\u00e9 Sanitaire (ANSS), le Dr Sakoba Ke\u00efta, cit\u00e9 par des m\u00e9dias locaux.<\/p>\n<p>\u00ab Parmi ceux qui ont particip\u00e9 \u00e0 l\u2019enterrement, huit personnes ont pr\u00e9sent\u00e9 des signes : diarrh\u00e9es, vomissements et saignements. Trois d\u2019entre eux sont d\u00e9c\u00e9d\u00e9s et quatre autres sont hospitalis\u00e9s \u00e0 Nz\u00e9r\u00e9kor\u00e9 (la plus grande ville de la Guin\u00e9e foresti\u00e8re) \u00bb, a-t-il ajout\u00e9. A l\u2019en croire, un patient s\u2019\u00e9tait enfui. Il a finalement \u00e9t\u00e9 retrouv\u00e9 et \u00a0hospitalis\u00e9 \u00e0 Conakry.<\/p>\n<p>Le patron de l\u2019ANSS et le ministre de la Sant\u00e9 ont tous les deux indiqu\u00e9 que les pr\u00e9l\u00e8vements analys\u00e9s par un laboratoire mis sur pied par l\u2019Union europ\u00e9enne \u00e0 Gu\u00e9ck\u00e9dou, dans la r\u00e9gion, avaient d\u00e9tect\u00e9 la pr\u00e9sence du virus Ebola. Les r\u00e9sultats d\u2019analyses compl\u00e9mentaires sont attendus dans les prochaines heures.<\/p>\n<p>\u00ab Nous avons pris toutes les dispositions, une \u00e9quipe d\u2019alerte est sur place pour identifier les cas contacts \u00bb, a dit le ministre de la Sant\u00e9, R\u00e9my Lamah, en soulignant qu\u2019il n\u2019y avait \u00ab pas eu de r\u00e9surgence depuis 2016\u00a0\u00bb.<\/p>\n<p>\u00ab Je suis inquiet en tant qu\u2019humain, mais je reste serein car on a g\u00e9r\u00e9 la premi\u00e8re \u00e9pid\u00e9mie et la vaccination est possible\u00a0\u00bb, a-t-il ajout\u00e9. Une r\u00e9union de crise pour \u00e9valuer la situation est pr\u00e9vue ce dimanche.<\/p>\n<p>Partie en d\u00e9cembre 2013 de Guin\u00e9e foresti\u00e8re, avant de se propager au Liberia et \u00e0 la Sierra Leone voisins, l\u2019\u00e9pid\u00e9mie d\u2019Ebola en Afrique de l\u2019Ouest s\u2019\u00e9tait achev\u00e9e en 2016 apr\u00e8s avoir atteint 10 pays, dont l\u2019Espagne et les Etats-Unis. Elle avait caus\u00e9 plus de 11.300 morts pour quelque 28.600 cas recens\u00e9s, dont plus de 99 % en Guin\u00e9e (2.500 morts), au Liberia et en Sierra Leone.<\/p>\n<\/div>\n<p>Auteur: APA News<br \/>\n<a href=\"https:\/\/www.journalducameroun.com\/ebola-refait-surface-en-guinee\/\">Cliquez ici pour lire l&rsquo;article depuis sa source.<\/a><\/p>\n","protected":false},"excerpt":{"rendered":"<p>Publi\u00e9 le 14.02.2021 \u00e0 14h18 par APA News Le virus Ebola a d\u00e9j\u00e0 tu\u00e9 quatre personnes en r\u00e9gion foresti\u00e8re d\u2019o\u00f9 \u00e9tait partie la pire \u00e9pid\u00e9mie de l\u2019histoire en 2013, a indiqu\u00e9 samedi le ministre guin\u00e9en de la Sant\u00e9.C\u2019est la premi\u00e8re r\u00e9surgence de la maladie en Afrique de l\u2019Ouest depuis 2016. En effet, depuis cette date, [&hellip;]<\/p>\n","protected":false},"author":1965,"featured_media":0,"comment_status":"closed","ping_status":"closed","sticky":false,"template":"","format":"standard","meta":{"fifu_image_url":"","fifu_image_alt":"","footnotes":""},"categories":[73,82],"tags":[],"class_list":["post-111261","post","type-post","status-publish","format-standard","hentry","category-actualite","category-cameroun"],"_links":{"self":[{"href":"https:\/\/linitiative.ca\/International\/wp-json\/wp\/v2\/posts\/111261","targetHints":{"allow":["GET"]}}],"collection":[{"href":"https:\/\/linitiative.ca\/International\/wp-json\/wp\/v2\/posts"}],"about":[{"href":"https:\/\/linitiative.ca\/International\/wp-json\/wp\/v2\/types\/post"}],"author":[{"embeddable":true,"href":"https:\/\/linitiative.ca\/International\/wp-json\/wp\/v2\/users\/1965"}],"replies":[{"embeddable":true,"href":"https:\/\/linitiative.ca\/International\/wp-json\/wp\/v2\/comments?post=111261"}],"version-history":[{"count":0,"href":"https:\/\/linitiative.ca\/International\/wp-json\/wp\/v2\/posts\/111261\/revisions"}],"wp:attachment":[{"href":"https:\/\/linitiative.ca\/International\/wp-json\/wp\/v2\/media?parent=111261"}],"wp:term":[{"taxonomy":"category","embeddable":true,"href":"https:\/\/linitiative.ca\/International\/wp-json\/wp\/v2\/categories?post=111261"},{"taxonomy":"post_tag","embeddable":true,"href":"https:\/\/linitiative.ca\/International\/wp-json\/wp\/v2\/tags?post=111261"}],"curies":[{"name":"wp","href":"https:\/\/api.w.org\/{rel}","templated":true}]}}