{"id":111262,"date":"2021-02-14T15:18:02","date_gmt":"2021-02-14T20:18:02","guid":{"rendered":"https:\/\/linitiative.ca\/International\/le-13e-giga-maoulid-dabidjan-prevu-le-21-fevrier-prochain\/"},"modified":"2021-02-14T15:18:02","modified_gmt":"2021-02-14T20:18:02","slug":"le-13e-giga-maoulid-dabidjan-prevu-le-21-fevrier-prochain","status":"publish","type":"post","link":"https:\/\/linitiative.ca\/International\/le-13e-giga-maoulid-dabidjan-prevu-le-21-fevrier-prochain\/","title":{"rendered":"Le 13\u00e8 giga maoulid d\u2019Abidjan pr\u00e9vu le 21 f\u00e9vrier prochain"},"content":{"rendered":"<div readability=\"32\">\n<p>Publi\u00e9 le 14.02.2021 \u00e0 21h18 par APA News<\/p>\n<\/div>\n<div readability=\"56\">\n<p>La 13\u00e8 \u00e9dition du giga maoulid d\u2019Abidjan, une activit\u00e9 religieuse musulmane marquant la comm\u00e9moration de la naissance du proph\u00e8te de l\u2019islam Muhammad (Paix et Salut sur Lui) est pr\u00e9vue le dimanche 21 f\u00e9vrier.<\/p>\n<p>Organis\u00e9e par le Groupe de r\u00e9flexion islamique spirituelle et \u00e9sot\u00e9rique (GRISE), cette \u00e9dition 2021 est pr\u00e9vue le dimanche 21 f\u00e9vrier prochain au palais des sports de Treichville, dans le sud d\u2019Abidjan.<\/p>\n<p>Cette activit\u00e9, selon une note d\u2019information transmise dimanche \u00e0 APA, sera organis\u00e9e autour du th\u00e8me, \u00abLe proph\u00e8te Muhammed (SAW), une mis\u00e9ricorde pour l\u2019humanit\u00e9\u00bb et aura pour conf\u00e9rencier principal le guide spirituel de la Tariqa Tidjani en C\u00f4te d\u2019Ivoire El Hadj Cheick Malick Konat\u00e9.<\/p>\n<p>\u00a0Le giga maoulid d\u2019Abidjan, qui est organis\u00e9 chaque ann\u00e9e depuis 10 ans par le GRISE, est l\u2019un des \u00e9v\u00e9nements religieux les plus populaires d\u2019Abidjan qui rassemble des milliers de fid\u00e8les musulmans de la capitale \u00e9conomique ivoirienne.<\/p>\n<\/div>\n<p>Auteur: APA News<br \/>\n<a href=\"https:\/\/www.journalducameroun.com\/le-13e-giga-maoulid-dabidjan-prevu-le-21-fevrier-prochain\/\">Cliquez ici pour lire l&rsquo;article depuis sa source.<\/a><\/p>\n","protected":false},"excerpt":{"rendered":"<p>Publi\u00e9 le 14.02.2021 \u00e0 21h18 par APA News La 13\u00e8 \u00e9dition du giga maoulid d\u2019Abidjan, une activit\u00e9 religieuse musulmane marquant la comm\u00e9moration de la naissance du proph\u00e8te de l\u2019islam Muhammad (Paix et Salut sur Lui) est pr\u00e9vue le dimanche 21 f\u00e9vrier. Organis\u00e9e par le Groupe de r\u00e9flexion islamique spirituelle et \u00e9sot\u00e9rique (GRISE), cette \u00e9dition 2021 [&hellip;]<\/p>\n","protected":false},"author":1965,"featured_media":0,"comment_status":"closed","ping_status":"closed","sticky":false,"template":"","format":"standard","meta":{"fifu_image_url":"","fifu_image_alt":"","footnotes":""},"categories":[73,82],"tags":[],"class_list":["post-111262","post","type-post","status-publish","format-standard","hentry","category-actualite","category-cameroun"],"_links":{"self":[{"href":"https:\/\/linitiative.ca\/International\/wp-json\/wp\/v2\/posts\/111262","targetHints":{"allow":["GET"]}}],"collection":[{"href":"https:\/\/linitiative.ca\/International\/wp-json\/wp\/v2\/posts"}],"about":[{"href":"https:\/\/linitiative.ca\/International\/wp-json\/wp\/v2\/types\/post"}],"author":[{"embeddable":true,"href":"https:\/\/linitiative.ca\/International\/wp-json\/wp\/v2\/users\/1965"}],"replies":[{"embeddable":true,"href":"https:\/\/linitiative.ca\/International\/wp-json\/wp\/v2\/comments?post=111262"}],"version-history":[{"count":0,"href":"https:\/\/linitiative.ca\/International\/wp-json\/wp\/v2\/posts\/111262\/revisions"}],"wp:attachment":[{"href":"https:\/\/linitiative.ca\/International\/wp-json\/wp\/v2\/media?parent=111262"}],"wp:term":[{"taxonomy":"category","embeddable":true,"href":"https:\/\/linitiative.ca\/International\/wp-json\/wp\/v2\/categories?post=111262"},{"taxonomy":"post_tag","embeddable":true,"href":"https:\/\/linitiative.ca\/International\/wp-json\/wp\/v2\/tags?post=111262"}],"curies":[{"name":"wp","href":"https:\/\/api.w.org\/{rel}","templated":true}]}}