{"id":111264,"date":"2021-02-14T17:18:02","date_gmt":"2021-02-14T22:18:02","guid":{"rendered":"https:\/\/linitiative.ca\/International\/coupe-de-la-caf-le-raja-de-casablanca-simpose-face-a-lus-monastir-1-0\/"},"modified":"2021-02-14T17:18:02","modified_gmt":"2021-02-14T22:18:02","slug":"coupe-de-la-caf-le-raja-de-casablanca-simpose-face-a-lus-monastir-1-0","status":"publish","type":"post","link":"https:\/\/linitiative.ca\/International\/coupe-de-la-caf-le-raja-de-casablanca-simpose-face-a-lus-monastir-1-0\/","title":{"rendered":"Coupe de la CAF : Le Raja de Casablanca s\u2019impose face \u00e0 l\u2019US Monastir (1-0)"},"content":{"rendered":"<div readability=\"32\">\n<p>Publi\u00e9 le 14.02.2021 \u00e0 23h18 par APA News<\/p>\n<\/div>\n<div readability=\"45\">\n<p>Le Raja de Casablanca s\u2019est impos\u00e9, dimanche \u00e0 domicile, face \u00e0 la formation tunisienne de l\u2019US Monastir sur le petit score de 1 \u00e0 0, en match-aller comptant pour le 2e tour pr\u00e9liminaire additionnel de la Coupe de la Conf\u00e9d\u00e9ration africaine de football (CAF).L\u2019unique r\u00e9alisation de la rencontre a \u00e9t\u00e9 l\u2019oeuvre de Mahmoud Benhalib \u00e0 la 36e minute. Le match retour aura lieu dimanche 21 f\u00e9vrier \u00e0 Monastir.<\/p>\n<p>Pour le compte du m\u00eame tour, l\u2019autre repr\u00e9sentant du Maroc dans cette comp\u00e9tition, le TAS Casablanca, s\u2019est inclin\u00e9 en d\u00e9placement face au club zambien de Nkana FC sur le score de 2 buts \u00e0 0.<\/p>\n<\/div>\n<p>Auteur: APA News<br \/>\n<a href=\"https:\/\/www.journalducameroun.com\/coupe-de-la-caf-le-raja-de-casablanca-simpose-face-a-lus-monastir-1-0\/\">Cliquez ici pour lire l&rsquo;article depuis sa source.<\/a><\/p>\n","protected":false},"excerpt":{"rendered":"<p>Publi\u00e9 le 14.02.2021 \u00e0 23h18 par APA News Le Raja de Casablanca s\u2019est impos\u00e9, dimanche \u00e0 domicile, face \u00e0 la formation tunisienne de l\u2019US Monastir sur le petit score de 1 \u00e0 0, en match-aller comptant pour le 2e tour pr\u00e9liminaire additionnel de la Coupe de la Conf\u00e9d\u00e9ration africaine de football (CAF).L\u2019unique r\u00e9alisation de la [&hellip;]<\/p>\n","protected":false},"author":1965,"featured_media":0,"comment_status":"closed","ping_status":"closed","sticky":false,"template":"","format":"standard","meta":{"fifu_image_url":"","fifu_image_alt":"","footnotes":""},"categories":[73,82],"tags":[],"class_list":["post-111264","post","type-post","status-publish","format-standard","hentry","category-actualite","category-cameroun"],"_links":{"self":[{"href":"https:\/\/linitiative.ca\/International\/wp-json\/wp\/v2\/posts\/111264","targetHints":{"allow":["GET"]}}],"collection":[{"href":"https:\/\/linitiative.ca\/International\/wp-json\/wp\/v2\/posts"}],"about":[{"href":"https:\/\/linitiative.ca\/International\/wp-json\/wp\/v2\/types\/post"}],"author":[{"embeddable":true,"href":"https:\/\/linitiative.ca\/International\/wp-json\/wp\/v2\/users\/1965"}],"replies":[{"embeddable":true,"href":"https:\/\/linitiative.ca\/International\/wp-json\/wp\/v2\/comments?post=111264"}],"version-history":[{"count":0,"href":"https:\/\/linitiative.ca\/International\/wp-json\/wp\/v2\/posts\/111264\/revisions"}],"wp:attachment":[{"href":"https:\/\/linitiative.ca\/International\/wp-json\/wp\/v2\/media?parent=111264"}],"wp:term":[{"taxonomy":"category","embeddable":true,"href":"https:\/\/linitiative.ca\/International\/wp-json\/wp\/v2\/categories?post=111264"},{"taxonomy":"post_tag","embeddable":true,"href":"https:\/\/linitiative.ca\/International\/wp-json\/wp\/v2\/tags?post=111264"}],"curies":[{"name":"wp","href":"https:\/\/api.w.org\/{rel}","templated":true}]}}