{"id":111267,"date":"2021-02-14T09:07:57","date_gmt":"2021-02-14T14:07:57","guid":{"rendered":"https:\/\/linitiative.ca\/International\/le-prix-de-la-tomate-baisse-a-bafoussam\/"},"modified":"2021-02-14T09:07:57","modified_gmt":"2021-02-14T14:07:57","slug":"le-prix-de-la-tomate-baisse-a-bafoussam","status":"publish","type":"post","link":"https:\/\/linitiative.ca\/International\/le-prix-de-la-tomate-baisse-a-bafoussam\/","title":{"rendered":"Le prix de la tomate baisse \u00e0 Bafoussam"},"content":{"rendered":"<p>Il est d\u00e9sormais impossible pour les producteurs d\u2019exporter la tomate \u00e0 la suite de la fermeture des fronti\u00e8res dans la cadre la lutte contre le coronavirus. Cette situation a pour cons\u00e9quence la chute des prix des cageots de ce produit comestible dans les diff\u00e9rents march\u00e9s du d\u00e9partement de la Mifi \u00e0 Bafoussam. Le vendredi 12 f\u00e9vrier 2021 dernier, il est un peu plus de 11H26, Landry Kengne, jeune producteur de tomates \u00e0 Konti, une localit\u00e9 de l\u2019arrondissement de Bafoussam 2 \u00e0 Baleng est install\u00e9 derni\u00e8re une vingtaine de cageots de tomates en attente\u00a0 des clients depuis 07h du matin \u00e0 la zone des vivres au march\u00e9 Casablanca de Bafoussam aupr\u00e8s de sept autres engag\u00e9s dans sa production. Ce dernier ayant transport\u00e9 ce produit t\u00f4t le matin apr\u00e8s une longue journ\u00e9e de jeudi, d\u00e9di\u00e9e \u00e0 la r\u00e9colte de ce produit. Une quantit\u00e9 qu\u2019il livrait en moins d\u2019une heure avant la crise sanitaire selon ses d\u00e9clarations.<\/p>\n<p><strong>Lire aussi<\/strong> : <a href=\"https:\/\/ecomatin.net\/relance-de-la-filiere-tomate-espoirs-et-speculations-autour-de-lusine-de-foumbot\/\">Relance de la fili\u00e8re tomate : espoirs et sp\u00e9culations autour de l\u2019usine de Foumbot<\/a><\/p>\n<p>Du petit march\u00e9 dit \u00ab\u00a0ancien d\u00e9p\u00f4t Guinness\u00a0\u00bb, au secteur des vivres au march\u00e9 de Casablanca \u00e0 Bafoussam, aux march\u00e9s A et C de la m\u00eame ville, l\u2019on ne voit que du rouge\u00a0: la tomate. Depuis quelques jours, le prix de ce l\u00e9gume-fruit est en chute libre \u00e0 cause de l\u2019offre d\u00e9sormais sup\u00e9rieure \u00e0 la demande. \u00ab\u00a0C\u2019est vraiment tr\u00e8s lent. Avec l\u2019arriv\u00e9e du Covid-19, nous n\u2019arrivons plus \u00e0 \u00e9vacuer les marchandises. Il y avait d\u2019abord une surproduction caus\u00e9e par la fermeture des fronti\u00e8res.\u00a0La quantit\u00e9 destin\u00e9e au march\u00e9 national et international \u00e9tait d\u00e9sormais vendue sur place. Nous ne savons plus r\u00e9ellement ce qui se passe avec le rel\u00e2chement des mesures barri\u00e8res. Nous ne savons plus par quel bout prendre les choses. Il n\u2019y a \u00e9galement plus de v\u00e9ritables fun\u00e9railles ni des obs\u00e8ques. Les c\u00e9r\u00e9monies de mariage n\u2019existent presque plus. Et les producteurs sont oblig\u00e9s de vendre tout au march\u00e9 local. Nous sommes oubli\u00e9s de r\u00e9adapter les prix au contexte actuel dans le but de se lib\u00e9rer de la tomate, une denr\u00e9e hautement p\u00e9rissable\u00a0\u00bb, justifie Landry Kengne.<\/p>\n<p><strong>Lire aussi<\/strong> : <a href=\"https:\/\/ecomatin.net\/tomates-en-fruit-les-prix-bas-peuvent-ils-durer\/\">Tomates en Fruit : les prix bas peuvent-ils durer ?<\/a><\/p>\n<p>Le cageot qui se vendait entre 5.000 et 7.000F avant la pand\u00e9mie \u00e0 Covid-19, a connu une chute remarquable. Aujourd\u2019hui, on peut se l\u2019offrir entre 2.000F et 4.000F. Au pire des cas, il se vend \u00e0 1500F voir 1000F. Une situation qui ne permet pas aux grossistes de r\u00e9aliser de bonnes affaires. \u00ab\u00a0Quand les prix sont tr\u00e8s bas, on ne s\u2019en sort pas. C\u2019est trop grave maintenant. Tu paie mais tu n\u2019arrives pas \u00e0 revendre. Les femmes pr\u00e9f\u00e8rent acheter en cageot chez les jardiniers. Nous payons \u00e0 2.000F ou \u00e0 4000F en fonction de la qualit\u00e9 des fruits. Cinq jolies tomates \u00e0 100F mais jusqu\u2019\u00e0 l\u00e0, \u00e7a ne sort toujours pas. Aujourd\u2019hui, n\u2019importe qui prend en cageot pour une conservation \u00e0 domicile \u00bb, regrette Pierrette Doumtsop, revendeuse de vivres au march\u00e9 Casablanca de Bafoussam. Cette r\u00e9alit\u00e9 a plong\u00e9 les producteurs dans un avenir incertain. Ils se disent \u00eatre incapables de recouvrer les pr\u00eats bancaires engag\u00e9s pour la production. Vendue en gros ou en d\u00e9tails, la tomate abonde les march\u00e9s de Bafoussam. \u00c0 la port\u00e9e de tous, les m\u00e9nages se r\u00e9galent en consommant de la sauce tomate en ce temps de Covid-19.<\/p>\n<p><strong>Lire aussi<\/strong> : <a href=\"https:\/\/ecomatin.net\/reouverture-des-frontieres-de-belles-perspectives-pour-la-tomate-camerounaise\/\">R\u00e9ouverture des fronti\u00e8res : de belles perspectives pour la tomate camerounaise<\/a><\/p>\n<p><strong>Armel Djiogue<\/strong><\/p>\n<p>Auteur: EcoMatin<br \/>\n<a href=\"https:\/\/ecomatin.net\/le-prix-de-la-tomate-baisse-a-bafoussam\/\">Cliquez ici pour lire l&rsquo;article depuis sa source.<\/a><\/p>\n","protected":false},"excerpt":{"rendered":"<p>Il est d\u00e9sormais impossible pour les producteurs d\u2019exporter la tomate \u00e0 la suite de la fermeture des fronti\u00e8res dans la cadre la lutte contre le coronavirus. Cette situation a pour cons\u00e9quence la chute des prix des cageots de ce produit comestible dans les diff\u00e9rents march\u00e9s du d\u00e9partement de la Mifi \u00e0 Bafoussam. Le vendredi 12 [&hellip;]<\/p>\n","protected":false},"author":1969,"featured_media":0,"comment_status":"closed","ping_status":"closed","sticky":false,"template":"","format":"standard","meta":{"fifu_image_url":"","fifu_image_alt":"","footnotes":""},"categories":[82,78],"tags":[],"class_list":["post-111267","post","type-post","status-publish","format-standard","hentry","category-cameroun","category-economie"],"_links":{"self":[{"href":"https:\/\/linitiative.ca\/International\/wp-json\/wp\/v2\/posts\/111267","targetHints":{"allow":["GET"]}}],"collection":[{"href":"https:\/\/linitiative.ca\/International\/wp-json\/wp\/v2\/posts"}],"about":[{"href":"https:\/\/linitiative.ca\/International\/wp-json\/wp\/v2\/types\/post"}],"author":[{"embeddable":true,"href":"https:\/\/linitiative.ca\/International\/wp-json\/wp\/v2\/users\/1969"}],"replies":[{"embeddable":true,"href":"https:\/\/linitiative.ca\/International\/wp-json\/wp\/v2\/comments?post=111267"}],"version-history":[{"count":0,"href":"https:\/\/linitiative.ca\/International\/wp-json\/wp\/v2\/posts\/111267\/revisions"}],"wp:attachment":[{"href":"https:\/\/linitiative.ca\/International\/wp-json\/wp\/v2\/media?parent=111267"}],"wp:term":[{"taxonomy":"category","embeddable":true,"href":"https:\/\/linitiative.ca\/International\/wp-json\/wp\/v2\/categories?post=111267"},{"taxonomy":"post_tag","embeddable":true,"href":"https:\/\/linitiative.ca\/International\/wp-json\/wp\/v2\/tags?post=111267"}],"curies":[{"name":"wp","href":"https:\/\/api.w.org\/{rel}","templated":true}]}}