{"id":111269,"date":"2021-02-15T07:09:46","date_gmt":"2021-02-15T12:09:46","guid":{"rendered":"https:\/\/linitiative.ca\/International\/nouvelle-publication-aux-editions-de-lagence-bayt-mal-al-qods-acharif\/"},"modified":"2021-02-15T07:09:46","modified_gmt":"2021-02-15T12:09:46","slug":"nouvelle-publication-aux-editions-de-lagence-bayt-mal-al-qods-acharif","status":"publish","type":"post","link":"https:\/\/linitiative.ca\/International\/nouvelle-publication-aux-editions-de-lagence-bayt-mal-al-qods-acharif\/","title":{"rendered":"Nouvelle publication aux \u00e9ditions  de l\u2019Agence Bayt Mal Al-Qods Acharif"},"content":{"rendered":"<header>\n<div class=\"entry-post-meta\">\n<div class=\"author-link\">Publi\u00e9 par <a itemprop=\"author\" itemscope=\"itemscope\" itemtype=\"https:\/\/schema.org\/Person\" href=\"https:\/\/aujourdhui.ma\/author\/blio\" rel=\"author\"><span itemprop=\"name\">ALM<\/span><\/a><\/div>\n<p>Date\u00a0:<time content=\"2021-02-15T13:09:46+01:00\" class=\"entry-date updated\" datetime=\"2021-02-15T13:09:46+01:00\">f\u00e9vrier 15, 2021<\/time><\/p>\n<div class=\"entry-cat\">dans:<a href=\"https:\/\/aujourdhui.ma\/category\/societe\" rel=\"category tag\">Soci\u00e9t\u00e9<\/a><\/div>\n<p>22Vues<\/p>\n<\/div>\n<\/header>\n<div class=\"entry-content clearfix\" readability=\"44\">\n<figure class=\"post-thumbnail\" itemprop=\"associatedMedia\" itemscope=\"itemscope\" itemtype=\"http:\/\/schema.org\/ImageObject\"><img decoding=\"async\" class=\"post_layout_5_img\" src=\"http:\/\/aujourdhui.ma\/wp-content\/uploads\/2020\/07\/Agence-Bayt-Mal-Al-Qods-Acharif-.jpg\" alt=\"Nouvelle publication aux \u00e9ditions de l\u2019Agence Bayt Mal Al-Qods Acharif\"\/><\/figure>\n<p><span class=\"c5\"><strong>Les \u00e9ditions de l\u2019Agence Bayt Mal Al-Qods Acharif viennent de publier un nouvel ouvrage intitul\u00e9 \u00abRab\u2019aa Al Maghribia conserv\u00e9e \u00e0 la Mosqu\u00e9e Al-Aqsa : \u00e9tude historique sur la calligraphie des Corans \u00e0 l\u2019\u00e8re m\u00e9rinide\u00bb, de son auteur la chercheuse palestinienne Samar Zaki Bkirat.<\/strong><\/span><span id=\"more-368296\"\/><\/p>\n<p>Dans la pr\u00e9sentation de cet ouvrage de 173 pages, le directeur du Service touristique et des antiquit\u00e9s du Service public palestinien et enseignant \u00e0 l\u2019universit\u00e9 d\u2019Al-Qods, Sa\u00efd Al-Natsheh, indique que ce livre saint (Rab\u2019aa Al Maghribia) est un chef-d\u2019\u0153uvre rare, d\u2019une valeur religieuse et spirituelle in\u00e9gal\u00e9e et l\u2019une des profondes et multiples manifestations historiques qui prouvent l\u2019attachement du peuple marocain fr\u00e8re \u00e0 Al-Qods Acharif.<\/p>\n<\/div>\n<p>Auteur: ALM<br \/>\n<a href=\"https:\/\/aujourdhui.ma\/societe\/nouvelle-publication-aux-editions-de-lagence-bayt-mal-al-qods-acharif\">Cliquez ici pour lire l&rsquo;article depuis sa source.<\/a><\/p>\n","protected":false},"excerpt":{"rendered":"<p>Publi\u00e9 par ALM Date\u00a0:f\u00e9vrier 15, 2021 dans:Soci\u00e9t\u00e9 22Vues Les \u00e9ditions de l\u2019Agence Bayt Mal Al-Qods Acharif viennent de publier un nouvel ouvrage intitul\u00e9 \u00abRab\u2019aa Al Maghribia conserv\u00e9e \u00e0 la Mosqu\u00e9e Al-Aqsa : \u00e9tude historique sur la calligraphie des Corans \u00e0 l\u2019\u00e8re m\u00e9rinide\u00bb, de son auteur la chercheuse palestinienne Samar Zaki Bkirat. Dans la pr\u00e9sentation de [&hellip;]<\/p>\n","protected":false},"author":1759,"featured_media":0,"comment_status":"closed","ping_status":"closed","sticky":false,"template":"","format":"standard","meta":{"fifu_image_url":"http:\/\/aujourdhui.ma\/wp-content\/uploads\/2020\/07\/Agence-Bayt-Mal-Al-Qods-Acharif-.jpg","fifu_image_alt":"Nouvelle publication aux \u00e9ditions  de l\u2019Agence Bayt Mal Al-Qods Acharif","footnotes":""},"categories":[73,54],"tags":[],"class_list":["post-111269","post","type-post","status-publish","format-standard","hentry","category-actualite","category-maroc"],"_links":{"self":[{"href":"https:\/\/linitiative.ca\/International\/wp-json\/wp\/v2\/posts\/111269","targetHints":{"allow":["GET"]}}],"collection":[{"href":"https:\/\/linitiative.ca\/International\/wp-json\/wp\/v2\/posts"}],"about":[{"href":"https:\/\/linitiative.ca\/International\/wp-json\/wp\/v2\/types\/post"}],"author":[{"embeddable":true,"href":"https:\/\/linitiative.ca\/International\/wp-json\/wp\/v2\/users\/1759"}],"replies":[{"embeddable":true,"href":"https:\/\/linitiative.ca\/International\/wp-json\/wp\/v2\/comments?post=111269"}],"version-history":[{"count":0,"href":"https:\/\/linitiative.ca\/International\/wp-json\/wp\/v2\/posts\/111269\/revisions"}],"wp:attachment":[{"href":"https:\/\/linitiative.ca\/International\/wp-json\/wp\/v2\/media?parent=111269"}],"wp:term":[{"taxonomy":"category","embeddable":true,"href":"https:\/\/linitiative.ca\/International\/wp-json\/wp\/v2\/categories?post=111269"},{"taxonomy":"post_tag","embeddable":true,"href":"https:\/\/linitiative.ca\/International\/wp-json\/wp\/v2\/tags?post=111269"}],"curies":[{"name":"wp","href":"https:\/\/api.w.org\/{rel}","templated":true}]}}