{"id":111271,"date":"2021-02-15T11:18:58","date_gmt":"2021-02-15T16:18:58","guid":{"rendered":"https:\/\/linitiative.ca\/International\/covid-19-prolongation-de-deux-semaines-des-mesures-de-precaution-adoptees-le-13-janvier-dernier\/"},"modified":"2021-02-15T11:18:58","modified_gmt":"2021-02-15T16:18:58","slug":"covid-19-prolongation-de-deux-semaines-des-mesures-de-precaution-adoptees-le-13-janvier-dernier","status":"publish","type":"post","link":"https:\/\/linitiative.ca\/International\/covid-19-prolongation-de-deux-semaines-des-mesures-de-precaution-adoptees-le-13-janvier-dernier\/","title":{"rendered":"Covid-19: Prolongation de deux semaines des mesures de pr\u00e9caution adopt\u00e9es le 13 janvier dernier"},"content":{"rendered":"<header>\n<\/header>\n<div class=\"entry-content clearfix\" readability=\"47\">\n<figure class=\"post-thumbnail\" itemprop=\"associatedMedia\" itemscope=\"itemscope\" itemtype=\"http:\/\/schema.org\/ImageObject\"><img decoding=\"async\" class=\"post_layout_5_img\" src=\"http:\/\/aujourdhui.ma\/wp-content\/uploads\/2020\/09\/Coronavirus-Covid-19-Police-etat-durgence-sanitaire-confinement.jpg\" alt=\"Covid-19: Prolongation de deux semaines des mesures de pr\u00e9caution adopt\u00e9es le 13 janvier dernier\"\/><\/figure>\n<p><span class=\"c5\"><strong>Le gouvernement a d\u00e9cid\u00e9 de prolonger de deux semaines, \u00e0 compter du mardi 16 f\u00e9vrier \u00e0 21H, les mesures de pr\u00e9caution adopt\u00e9es le 13 janvier dernier pour lutter contre le nouveau coronavirus (Covid-19).<\/strong><\/span><br \/><span id=\"more-368314\"\/><\/p>\n<p>Un communiqu\u00e9 du gouvernement pr\u00e9cise que cette d\u00e9cision intervient sur la base des recommandations de la Commission scientifique et technique concernant la n\u00e9cessit\u00e9 de maintenir les mesures n\u00e9cessaires pour lutter contre le coronavirus.<\/p>\n<p>Cette prolongation intervient \u00e9galement apr\u00e8s l\u2019\u00e9volution de cette pand\u00e9mie au niveau mondial suite \u00e0 l\u2019apparition de nouvelles variantes du virus, poursuit le communiqu\u00e9, ajoutant qu\u2019elle s\u2019inscrit dans le cadre des efforts continus pour circonscrire la propagation de l\u2019\u00e9pid\u00e9mie et limiter ses r\u00e9percussions n\u00e9gatives.<\/p>\n<\/div>\n<p>Auteur: ALM<br \/>\n<a href=\"https:\/\/aujourdhui.ma\/actualite\/covid-19-prolongation-de-deux-semaines-des-mesures-de-precaution-adoptees-le-13-janvier-dernier\">Cliquez ici pour lire l&rsquo;article depuis sa source.<\/a><\/p>\n","protected":false},"excerpt":{"rendered":"<p>Le gouvernement a d\u00e9cid\u00e9 de prolonger de deux semaines, \u00e0 compter du mardi 16 f\u00e9vrier \u00e0 21H, les mesures de pr\u00e9caution adopt\u00e9es le 13 janvier dernier pour lutter contre le nouveau coronavirus (Covid-19). Un communiqu\u00e9 du gouvernement pr\u00e9cise que cette d\u00e9cision intervient sur la base des recommandations de la Commission scientifique et technique concernant la [&hellip;]<\/p>\n","protected":false},"author":1759,"featured_media":0,"comment_status":"closed","ping_status":"closed","sticky":false,"template":"","format":"standard","meta":{"fifu_image_url":"http:\/\/aujourdhui.ma\/wp-content\/uploads\/2020\/09\/Coronavirus-Covid-19-Police-etat-durgence-sanitaire-confinement.jpg","fifu_image_alt":"Covid-19: Prolongation de deux semaines des mesures de pr\u00e9caution adopt\u00e9es le 13 janvier dernier","footnotes":""},"categories":[73,54],"tags":[],"class_list":["post-111271","post","type-post","status-publish","format-standard","hentry","category-actualite","category-maroc"],"_links":{"self":[{"href":"https:\/\/linitiative.ca\/International\/wp-json\/wp\/v2\/posts\/111271","targetHints":{"allow":["GET"]}}],"collection":[{"href":"https:\/\/linitiative.ca\/International\/wp-json\/wp\/v2\/posts"}],"about":[{"href":"https:\/\/linitiative.ca\/International\/wp-json\/wp\/v2\/types\/post"}],"author":[{"embeddable":true,"href":"https:\/\/linitiative.ca\/International\/wp-json\/wp\/v2\/users\/1759"}],"replies":[{"embeddable":true,"href":"https:\/\/linitiative.ca\/International\/wp-json\/wp\/v2\/comments?post=111271"}],"version-history":[{"count":0,"href":"https:\/\/linitiative.ca\/International\/wp-json\/wp\/v2\/posts\/111271\/revisions"}],"wp:attachment":[{"href":"https:\/\/linitiative.ca\/International\/wp-json\/wp\/v2\/media?parent=111271"}],"wp:term":[{"taxonomy":"category","embeddable":true,"href":"https:\/\/linitiative.ca\/International\/wp-json\/wp\/v2\/categories?post=111271"},{"taxonomy":"post_tag","embeddable":true,"href":"https:\/\/linitiative.ca\/International\/wp-json\/wp\/v2\/tags?post=111271"}],"curies":[{"name":"wp","href":"https:\/\/api.w.org\/{rel}","templated":true}]}}