{"id":111272,"date":"2021-02-15T11:25:35","date_gmt":"2021-02-15T16:25:35","guid":{"rendered":"https:\/\/linitiative.ca\/International\/casablanca-installation-du-nouveau-dg-de-la-cnss-hassan-boubrik\/"},"modified":"2021-02-15T11:25:35","modified_gmt":"2021-02-15T16:25:35","slug":"casablanca-installation-du-nouveau-dg-de-la-cnss-hassan-boubrik","status":"publish","type":"post","link":"https:\/\/linitiative.ca\/International\/casablanca-installation-du-nouveau-dg-de-la-cnss-hassan-boubrik\/","title":{"rendered":"Casablanca: installation du nouveau DG de la CNSS, Hassan Boubrik"},"content":{"rendered":"<figure class=\"post-thumbnail\" itemprop=\"associatedMedia\" itemscope=\"itemscope\" itemtype=\"http:\/\/schema.org\/ImageObject\"><img decoding=\"async\" class=\"post_layout_5_img\" src=\"http:\/\/aujourdhui.ma\/wp-content\/uploads\/2021\/02\/Casablanca-installation-du-nouveau-DG-de-la-CNSS-Hassan-Boubrik.jpg\" alt=\"Casablanca: installation du nouveau DG de la CNSS, Hassan Boubrik\"\/><\/figure>\n<p><span class=\"c5\"><strong>La c\u00e9r\u00e9monie d\u2019installation du nouveau directeur g\u00e9n\u00e9ral de la Caisse Nationale de la s\u00e9curit\u00e9 sociale (CNSS), Hassan Boubrik a eu lieu, lundi \u00e0 Casablanca, sous la pr\u00e9sidence du ministre du Travail et de l\u2019insertion professionnelle, Mohamed Amekraz.<\/strong><\/span><span id=\"more-368316\"\/><\/p>\n<p>A cette occasion, le ministre a f\u00e9licit\u00e9 le nouveau DG pour la confiance Royale dont il a fait l\u2019objet et sa nomination \u00e0 ce poste, tout en remerciant le directeur g\u00e9n\u00e9ral sortant, Said Ahmidouch, actuellement Wali de la r\u00e9gion de Casablanca\u2013Settat, Gouverneur de la pr\u00e9fecture de Casablanca et le directeur g\u00e9n\u00e9ral par int\u00e9rim, Abdellatif Mourtaki qui a fait preuve d\u2019un grand sens de responsabilit\u00e9 et de s\u00e9rieux durant la p\u00e9riode de transition.<\/p>\n<p>La nomination de M. Boubrik \u00e0 la t\u00eate de cette institution strat\u00e9gique, ajoute le ministre, s\u2019inscrit dans le cadre d\u2019un climat national marqu\u00e9 par des mutations profondes dans le domaine de la protection sociale, conform\u00e9ment aux Hautes orientations de SM le Roi Mohammed VI contenues dans les discours prononc\u00e9s \u00e0 l\u2019occasion de la f\u00eate du tr\u00f4ne et l\u2019ouverture de l\u2019ann\u00e9e l\u00e9gislative du Parlement, ainsi que l\u2019adoption lors du conseil des ministres d\u2019une loi sur la protection sociale.<\/p>\n<p>Ces mesures constituent le pilier et le cadre de r\u00e9f\u00e9rence pour la mise en \u0153uvre de la vision Royale en la mati\u00e8re et la r\u00e9alisation des objectifs de g\u00e9n\u00e9ralisation de la couverture sociale.<\/p>\n<p>De son c\u00f4t\u00e9, M. Boubrik s\u2019est dit fier de la confiance Royale plac\u00e9e en lui, faisant part de sa ferme d\u00e9termination \u00e0 \u0153uvrer sans rel\u00e2che en vue de la concr\u00e9tisation du chantier relatif \u00e0 la protection sociale, dont la vision a \u00e9t\u00e9 lanc\u00e9e par le Souverain \u00e0 l\u2019ouverture de la la session d\u2019automne du Parlement (octobre 2020).<\/p>\n<p>Hassan Boubrik occupait le poste de pr\u00e9sident de l\u2019Autorit\u00e9 de contr\u00f4le des assurances et de la pr\u00e9voyance sociale (ACAPS). Auparavant, il \u00e9tait directeur des assurances et de la pr\u00e9voyance sociale au minist\u00e8re de l\u2019Economie et des Finances.<\/p>\n<p>Il est titulaire d\u2019un dipl\u00f4me de statisticien-\u00e9conomiste de l\u2019Ecole nationale de la statistique et de l\u2019administration \u00e9conomique de Paris.<\/p>\n<p>Apr\u00e8s une premi\u00e8re exp\u00e9rience au minist\u00e8re des Finances o\u00f9 il a occup\u00e9 plusieurs postes de responsabilit\u00e9, il a rejoint la Caisse de D\u00e9p\u00f4t et de Gestion (CDG) au sein de laquelle il a assur\u00e9 plusieurs missions, notamment en tant qu\u2019administrateur directeur g\u00e9n\u00e9ral de CDG Capital, secr\u00e9taire g\u00e9n\u00e9ral de la CDG, puis directeur g\u00e9n\u00e9ral de CDG D\u00e9veloppement.<\/p>\n<p>Auteur: ALM<br \/>\n<a href=\"https:\/\/aujourdhui.ma\/actualite\/casablanca-installation-du-nouveau-dg-de-la-cnss-hassan-boubrik\">Cliquez ici pour lire l&rsquo;article depuis sa source.<\/a><\/p>\n","protected":false},"excerpt":{"rendered":"<p>La c\u00e9r\u00e9monie d\u2019installation du nouveau directeur g\u00e9n\u00e9ral de la Caisse Nationale de la s\u00e9curit\u00e9 sociale (CNSS), Hassan Boubrik a eu lieu, lundi \u00e0 Casablanca, sous la pr\u00e9sidence du ministre du Travail et de l\u2019insertion professionnelle, Mohamed Amekraz. A cette occasion, le ministre a f\u00e9licit\u00e9 le nouveau DG pour la confiance Royale dont il a fait [&hellip;]<\/p>\n","protected":false},"author":1759,"featured_media":0,"comment_status":"closed","ping_status":"closed","sticky":false,"template":"","format":"standard","meta":{"fifu_image_url":"http:\/\/aujourdhui.ma\/wp-content\/uploads\/2021\/02\/Casablanca-installation-du-nouveau-DG-de-la-CNSS-Hassan-Boubrik.jpg","fifu_image_alt":"Casablanca: installation du nouveau DG de la CNSS, Hassan Boubrik","footnotes":""},"categories":[73,54],"tags":[],"class_list":["post-111272","post","type-post","status-publish","format-standard","hentry","category-actualite","category-maroc"],"_links":{"self":[{"href":"https:\/\/linitiative.ca\/International\/wp-json\/wp\/v2\/posts\/111272","targetHints":{"allow":["GET"]}}],"collection":[{"href":"https:\/\/linitiative.ca\/International\/wp-json\/wp\/v2\/posts"}],"about":[{"href":"https:\/\/linitiative.ca\/International\/wp-json\/wp\/v2\/types\/post"}],"author":[{"embeddable":true,"href":"https:\/\/linitiative.ca\/International\/wp-json\/wp\/v2\/users\/1759"}],"replies":[{"embeddable":true,"href":"https:\/\/linitiative.ca\/International\/wp-json\/wp\/v2\/comments?post=111272"}],"version-history":[{"count":0,"href":"https:\/\/linitiative.ca\/International\/wp-json\/wp\/v2\/posts\/111272\/revisions"}],"wp:attachment":[{"href":"https:\/\/linitiative.ca\/International\/wp-json\/wp\/v2\/media?parent=111272"}],"wp:term":[{"taxonomy":"category","embeddable":true,"href":"https:\/\/linitiative.ca\/International\/wp-json\/wp\/v2\/categories?post=111272"},{"taxonomy":"post_tag","embeddable":true,"href":"https:\/\/linitiative.ca\/International\/wp-json\/wp\/v2\/tags?post=111272"}],"curies":[{"name":"wp","href":"https:\/\/api.w.org\/{rel}","templated":true}]}}