{"id":111273,"date":"2021-02-15T11:25:36","date_gmt":"2021-02-15T16:25:36","guid":{"rendered":"https:\/\/linitiative.ca\/International\/amine-jamai-a-lhonneur-au-rotary-casa-corniche\/"},"modified":"2021-02-15T11:25:36","modified_gmt":"2021-02-15T16:25:36","slug":"amine-jamai-a-lhonneur-au-rotary-casa-corniche","status":"publish","type":"post","link":"https:\/\/linitiative.ca\/International\/amine-jamai-a-lhonneur-au-rotary-casa-corniche\/","title":{"rendered":"Amine Jamai \u00e0 l\u2019honneur au Rotary Casa Corniche"},"content":{"rendered":"<figure class=\"post-thumbnail\" itemprop=\"associatedMedia\" itemscope=\"itemscope\" itemtype=\"http:\/\/schema.org\/ImageObject\"><img decoding=\"async\" class=\"post_layout_5_img\" src=\"http:\/\/aujourdhui.ma\/wp-content\/uploads\/2021\/02\/Amine-Jamai-a-lhonneur-au-Rotary-Casa-Corniche.jpg\" alt=\"Amine Jamai \u00e0 l\u2019honneur au Rotary Casa Corniche\"\/><\/figure>\n<p><span class=\"c5\"><strong>Il pr\u00e9sente son 4\u00e8me roman \u00abL\u2019intrication de Malabar\u00bb \u00e0 Casablanca<\/strong><\/span><span id=\"more-368305\"\/><\/p>\n<p>Le Rotary Casa Corniche organise une rencontre litt\u00e9raire autour du nouveau roman \u00abL\u2019intrication de Malabar\u00bb, du romancier et \u00e9crivain Amine Jamai. Cette rencontre, qui se d\u00e9roulera le 25 f\u00e9vrier, \u00e0 Casablanca, sera anim\u00e9e conjointement par Khalid M\u2019hammedi, pr\u00e9sident du Club Rotary Casa Corniche, et le critique litt\u00e9raire Ali Serhani. Elle sera aussi l\u2019occasion de mettre en avant les valeurs universelles du Rotary : l\u2019humanisme, le don de soi, le travail pour la communaut\u00e9, le partage et la d\u00e9fense des causes humaines et sociales. C\u2019est dans ce sens que le Rotary Casa Corniche a contribu\u00e9 \u00e0 \u00e9diter le roman \u00abL\u2019intrication de Malabar\u00bb, afin de le distribuer gracieusement aux lyc\u00e9ens et lyc\u00e9ennes de Casablanca et fait de ces rencontres litt\u00e9raires un nouveau rendez-vous d\u00e9sormais incontournable dans son planning pour la promotion de la lecture chez les jeunes.<\/p>\n<p>Par ailleurs, le nouveau roman d\u2019Amine Jamai raconte l\u2019histoire d\u2019un brillant jeune homme qui quitte sa modeste maison familiale dans la campagne profonde d\u2019Azrou pour aller \u00e0 l\u2019aventure, port\u00e9 par des r\u00eaves de lendemains meilleurs. \u00abLe sort et cette foutue chance lui jouent des tours et le conduisent \u00e0 la rencontre de deux clochards mis\u00e9reux, hauts en couleur. Contre toute attente, leur gal\u00e8re se transforme en une synergie lumineuse, qui pourrait bien changer le cours de l\u2019histoire. Mais ce serait sans compter sur d\u2019obscurs services \u00e9trangers\u2026\u00bb.<\/p>\n<p>Au c\u0153ur de l\u2019intrigue, un myst\u00e9rieux g\u00e9nie de m\u00e9canique quantique, dot\u00e9 d\u2019une lucidit\u00e9 extraordinaire et d\u2019un go\u00fbt pour l\u2019ironie ac\u00e9r\u00e9e, recherch\u00e9 mort ou vif par des barbouzes aux intentions plus ou moins avouables. Il faut dire que l\u2019id\u00e9e d\u2019un super h\u00e9ros marocain n\u2019est pas nouvelle pour Amine Jama\u00ef, puisqu\u2019il avait mis en sc\u00e8ne dans son premier roman \u00abLe G\u00e9n\u00e9ral Marocain, la conspiration des ombres\u00bb un compatriote sauvant l\u2019humanit\u00e9 d\u2019une troisi\u00e8me guerre mondiale.<\/p>\n<div class=\"base-box mom_box_sc_custom mom_box_sc clear c7\" readability=\"14\">\n<p><span class=\"c6\"><strong>A propos d\u2019Amine Jamai<\/strong><\/span><\/p>\n<p>Amine Jamai dirige un cabinet de conseil en strat\u00e9gie au Maroc, apr\u00e8s des \u00e9tudes et un parcours professionnel qui l\u2019ont conduit en Europe et en Afrique. Auteur de trois premiers romans, \u00abLe G\u00e9n\u00e9ral marocain\u00bb, \u00abArabmageddon\u00bb et \u00abConspiration \u00e0 Alger\u00bb, \u00abL\u2019intrication de Malabar\u00bb est son quatri\u00e8me roman.<\/p>\n<\/div>\n<p>Auteur: ALM<br \/>\n<a href=\"https:\/\/aujourdhui.ma\/culture\/amine-jamai-a-lhonneur-au-rotary-casa-corniche\">Cliquez ici pour lire l&rsquo;article depuis sa source.<\/a><\/p>\n","protected":false},"excerpt":{"rendered":"<p>Il pr\u00e9sente son 4\u00e8me roman \u00abL\u2019intrication de Malabar\u00bb \u00e0 Casablanca Le Rotary Casa Corniche organise une rencontre litt\u00e9raire autour du nouveau roman \u00abL\u2019intrication de Malabar\u00bb, du romancier et \u00e9crivain Amine Jamai. Cette rencontre, qui se d\u00e9roulera le 25 f\u00e9vrier, \u00e0 Casablanca, sera anim\u00e9e conjointement par Khalid M\u2019hammedi, pr\u00e9sident du Club Rotary Casa Corniche, et le [&hellip;]<\/p>\n","protected":false},"author":1759,"featured_media":0,"comment_status":"closed","ping_status":"closed","sticky":false,"template":"","format":"standard","meta":{"fifu_image_url":"http:\/\/aujourdhui.ma\/wp-content\/uploads\/2021\/02\/Amine-Jamai-a-lhonneur-au-Rotary-Casa-Corniche.jpg","fifu_image_alt":"Amine Jamai \u00e0 l\u2019honneur au Rotary Casa Corniche","footnotes":""},"categories":[73,54],"tags":[],"class_list":["post-111273","post","type-post","status-publish","format-standard","hentry","category-actualite","category-maroc"],"_links":{"self":[{"href":"https:\/\/linitiative.ca\/International\/wp-json\/wp\/v2\/posts\/111273","targetHints":{"allow":["GET"]}}],"collection":[{"href":"https:\/\/linitiative.ca\/International\/wp-json\/wp\/v2\/posts"}],"about":[{"href":"https:\/\/linitiative.ca\/International\/wp-json\/wp\/v2\/types\/post"}],"author":[{"embeddable":true,"href":"https:\/\/linitiative.ca\/International\/wp-json\/wp\/v2\/users\/1759"}],"replies":[{"embeddable":true,"href":"https:\/\/linitiative.ca\/International\/wp-json\/wp\/v2\/comments?post=111273"}],"version-history":[{"count":0,"href":"https:\/\/linitiative.ca\/International\/wp-json\/wp\/v2\/posts\/111273\/revisions"}],"wp:attachment":[{"href":"https:\/\/linitiative.ca\/International\/wp-json\/wp\/v2\/media?parent=111273"}],"wp:term":[{"taxonomy":"category","embeddable":true,"href":"https:\/\/linitiative.ca\/International\/wp-json\/wp\/v2\/categories?post=111273"},{"taxonomy":"post_tag","embeddable":true,"href":"https:\/\/linitiative.ca\/International\/wp-json\/wp\/v2\/tags?post=111273"}],"curies":[{"name":"wp","href":"https:\/\/api.w.org\/{rel}","templated":true}]}}