{"id":111274,"date":"2021-02-15T09:36:34","date_gmt":"2021-02-15T14:36:34","guid":{"rendered":"https:\/\/linitiative.ca\/International\/raviver-la-memoire-collective-de-la-ville\/"},"modified":"2021-02-15T09:36:34","modified_gmt":"2021-02-15T14:36:34","slug":"raviver-la-memoire-collective-de-la-ville","status":"publish","type":"post","link":"https:\/\/linitiative.ca\/International\/raviver-la-memoire-collective-de-la-ville\/","title":{"rendered":"Raviver la m\u00e9moire collective de la ville"},"content":{"rendered":"<p class=\"c1\"><strong>\u00c9difice de l\u2019ex Bank Al Maghrib d\u2019Agadir<\/strong><\/p>\n<p class=\"c2\">Saoudi El Amalki<\/p>\n<p><strong>Apr\u00e8s des ann\u00e9es d\u2019usure et d\u2019oubli, l\u2019ancien si\u00e8ge de Bank Al Maghrib vient de rouvrir ses compartiments d\u00e9labr\u00e9s et en poussi\u00e8re.Un chef-d\u2019\u0153uvre architectural qui sera converti en mus\u00e9e d\u00e9di\u00e9 \u00e0 la m\u00e9moire d\u2019une ville au pass\u00e9 sinistre marqu\u00e9 par le s\u00e9isme de 1960.<\/strong><\/p>\n<p>Fond\u00e9 en 1950, cesomptueux\u00e9difice qui tr\u00f4nait en pleincentre de la cit\u00e9 martyr,est en passe de faire peau neuve pourstocker, non pas des fonds et servir les clients, comme il le faisait auparavant, mais afin de p\u00e9renniser toute une histoire patrimoniale \u00e0 maintenir aux g\u00e9n\u00e9rations montantes. Une louable initiative qu\u2019on avait longtemps, par le pass\u00e9, vivement revendiqu\u00e9e.<\/p>\n<p>Vendredi dernier, on admirait, non sans fiert\u00e9, le coup d\u2019envoi de cette reconversion, lors d\u2019une sympathique c\u00e9r\u00e9monie du lancement du projet de r\u00e9habilitation de l\u2019ex si\u00e8ge de la banque en question en mus\u00e9e de la refonte de la capitale du Souss, depuis la d\u00e9molition du d\u00e9but des ann\u00e9es soixante \u00e0 l\u2019actuelle m\u00e9tamorphose, en passant par l\u2019empreinte du Haut Commissariat \u00e0 la Reconstruction de la ville dont les travaux s\u2019achevaient en 1974.<\/p>\n<p>Inscrit dans le programme ambitieux du d\u00e9veloppement urbain d\u2019Agadir, initi\u00e9 par le Souverain, depuis le 4 f\u00e9vrier 2020, ce monument de haute valeur symbolique, lelancement du nouveau projet, rehauss\u00e9 par la pr\u00e9sidence effective du Wali de la r\u00e9gion, fut un moment path\u00e9tique qui rev\u00eatait un enr\u00f4lement de conservation et flambeau\u00a0 messagerpour la post\u00e9rit\u00e9.<\/p>\n<p>Ce b\u00e2timent de charge embl\u00e9matique, \u00e9rig\u00e9 parl\u2019architecte tricolore feu Louis Lemari\u00e9, d\u00e9c\u00e9d\u00e9 en 1996, fut l\u2019un des rares rescap\u00e9s du tremblement de terre, gr\u00e2ce \u00e0 ses assises antisismiques,aura d\u00e9sormais une vocation mus\u00e9ale\u00e0 une devise de reconnaissance de \u00abm\u00e9moire pour l\u2019avenir\u00bb.<\/p>\n<p>Pour une enveloppe budg\u00e9taire de de 41,5 millions de dirhams et une dur\u00e9e de finalisation pr\u00e9vue dans dix mois, la b\u00e2tisse reformul\u00e9e comprendra nombre de volets relatifs aux aspects patrimonial, culturel et divertissant.<\/p>\n<p>Auteur: M&rsquo;hammed rahal<br \/>\n<a href=\"http:\/\/albayane.press.ma\/raviver-la-memoire-collective-de-la-ville.html\">Cliquez ici pour lire l&rsquo;article depuis sa source.<\/a><\/p>\n","protected":false},"excerpt":{"rendered":"<p>\u00c9difice de l\u2019ex Bank Al Maghrib d\u2019Agadir Saoudi El Amalki Apr\u00e8s des ann\u00e9es d\u2019usure et d\u2019oubli, l\u2019ancien si\u00e8ge de Bank Al Maghrib vient de rouvrir ses compartiments d\u00e9labr\u00e9s et en poussi\u00e8re.Un chef-d\u2019\u0153uvre architectural qui sera converti en mus\u00e9e d\u00e9di\u00e9 \u00e0 la m\u00e9moire d\u2019une ville au pass\u00e9 sinistre marqu\u00e9 par le s\u00e9isme de 1960. Fond\u00e9 en [&hellip;]<\/p>\n","protected":false},"author":1760,"featured_media":0,"comment_status":"closed","ping_status":"closed","sticky":false,"template":"","format":"standard","meta":{"fifu_image_url":"","fifu_image_alt":"","footnotes":""},"categories":[73,54],"tags":[],"class_list":["post-111274","post","type-post","status-publish","format-standard","hentry","category-actualite","category-maroc"],"_links":{"self":[{"href":"https:\/\/linitiative.ca\/International\/wp-json\/wp\/v2\/posts\/111274","targetHints":{"allow":["GET"]}}],"collection":[{"href":"https:\/\/linitiative.ca\/International\/wp-json\/wp\/v2\/posts"}],"about":[{"href":"https:\/\/linitiative.ca\/International\/wp-json\/wp\/v2\/types\/post"}],"author":[{"embeddable":true,"href":"https:\/\/linitiative.ca\/International\/wp-json\/wp\/v2\/users\/1760"}],"replies":[{"embeddable":true,"href":"https:\/\/linitiative.ca\/International\/wp-json\/wp\/v2\/comments?post=111274"}],"version-history":[{"count":0,"href":"https:\/\/linitiative.ca\/International\/wp-json\/wp\/v2\/posts\/111274\/revisions"}],"wp:attachment":[{"href":"https:\/\/linitiative.ca\/International\/wp-json\/wp\/v2\/media?parent=111274"}],"wp:term":[{"taxonomy":"category","embeddable":true,"href":"https:\/\/linitiative.ca\/International\/wp-json\/wp\/v2\/categories?post=111274"},{"taxonomy":"post_tag","embeddable":true,"href":"https:\/\/linitiative.ca\/International\/wp-json\/wp\/v2\/tags?post=111274"}],"curies":[{"name":"wp","href":"https:\/\/api.w.org\/{rel}","templated":true}]}}