{"id":111275,"date":"2021-02-15T09:51:12","date_gmt":"2021-02-15T14:51:12","guid":{"rendered":"https:\/\/linitiative.ca\/International\/la-campagne-a-pris-son-envol\/"},"modified":"2021-02-15T09:51:12","modified_gmt":"2021-02-15T14:51:12","slug":"la-campagne-a-pris-son-envol","status":"publish","type":"post","link":"https:\/\/linitiative.ca\/International\/la-campagne-a-pris-son-envol\/","title":{"rendered":"La campagne a pris son envol"},"content":{"rendered":"<p class=\"c1\"><strong>Coronavirus : Plus d\u2019un million de personnes sont vaccin\u00e9es\u00a0<\/strong><\/p>\n<p class=\"c2\"><strong>Ouardirhi Abdelaziz<\/strong><\/p>\n<p><strong>1.112.103 personnes ont \u00e9t\u00e9 vaccin\u00e9es au Maroc depuis le d\u00e9but de la campagne de vaccination contre la Covid-19,\u00a0dont le coup d\u2019envoi avait \u00e9t\u00e9 donn\u00e9 par Sa Majest\u00e9 le Roi Mohamed VI, le jeudi 28 janvier 2021.<\/strong><\/p>\n<p>Trois semaines apr\u00e8s le d\u00e9but de cette campagne nationale de vaccination anti covid-19, se sont 1.112.103 citoyens qui ont pu b\u00e9n\u00e9ficier de la premi\u00e8re injection.<\/p>\n<p>La vaccination des citoyens profite \u00e0 l\u2019ensemble des personnes cibl\u00e9es par les responsables du minist\u00e8re de la Sant\u00e9, toutes les r\u00e9gions du Maroc ont re\u00e7u leurs dotations de vaccins et la campagne a pris son envol, s\u2019acheminant vers les objectifs trac\u00e9s et attendus par le minist\u00e8re de la Sant\u00e9, qui est de vacciner 25 ou 30 millions de personnes. Ce qui permettra d\u2019atteindre les niveaux escompt\u00e9s d\u2019immunisation collective et prot\u00e9ger la population contre cette pand\u00e9mie.<\/p>\n<p>On ne peut que se r\u00e9jouir et f\u00e9liciter comme il se doit, le d\u00e9partement de la Sant\u00e9, les professionnels de sant\u00e9, m\u00e9decins et infirmi\u00e8res et infirmiers, qui sont pr\u00e9sents toute la journ\u00e9e au niveau de tous les centres de vaccination et qui font un travail magnifique. Aussi, il convient de rendre \u00e9galement un hommage aux Autorit\u00e9s pour l\u2019organisation parfaite qui est assur\u00e9e, ce qui facilite grandement la t\u00e2che aux soignants.<\/p>\n<p>Le Maroc sous la conduite \u00e9clair\u00e9e de Sa Majest\u00e9 le Roi Mohamed VI, entend relever le d\u00e9fi de vacciner gratuitement toute sa population, ainsi que les personnes \u00e9trang\u00e8res r\u00e9sidentes sur le territoire marocain.<\/p>\n<p>\u00a0Il y a r\u00e9ellement lieu d\u2019\u00eatre raisonnablement, de voir cet objectif se concr\u00e9tiser chaque jour un peu plus et la r\u00e9ussite totale de cette campagne nationale de vaccination contre la Covid-19 devenir une r\u00e9alit\u00e9. A ce sujet, il faut dire que le Maroc a d\u00e9j\u00e0 relev\u00e9 pas mal de d\u00e9fis en rapport avec plusieurs maux. La poliomy\u00e9lite peut servir d\u2019illustration parmi tant d\u2019autres.<\/p>\n<p>Auteur: M&rsquo;hammed rahal<br \/>\n<a href=\"http:\/\/albayane.press.ma\/la-campagne-a-pris-son-envol.html\">Cliquez ici pour lire l&rsquo;article depuis sa source.<\/a><\/p>\n","protected":false},"excerpt":{"rendered":"<p>Coronavirus : Plus d\u2019un million de personnes sont vaccin\u00e9es\u00a0 Ouardirhi Abdelaziz 1.112.103 personnes ont \u00e9t\u00e9 vaccin\u00e9es au Maroc depuis le d\u00e9but de la campagne de vaccination contre la Covid-19,\u00a0dont le coup d\u2019envoi avait \u00e9t\u00e9 donn\u00e9 par Sa Majest\u00e9 le Roi Mohamed VI, le jeudi 28 janvier 2021. Trois semaines apr\u00e8s le d\u00e9but de cette campagne [&hellip;]<\/p>\n","protected":false},"author":1760,"featured_media":0,"comment_status":"closed","ping_status":"closed","sticky":false,"template":"","format":"standard","meta":{"fifu_image_url":"","fifu_image_alt":"","footnotes":""},"categories":[73,54],"tags":[],"class_list":["post-111275","post","type-post","status-publish","format-standard","hentry","category-actualite","category-maroc"],"_links":{"self":[{"href":"https:\/\/linitiative.ca\/International\/wp-json\/wp\/v2\/posts\/111275","targetHints":{"allow":["GET"]}}],"collection":[{"href":"https:\/\/linitiative.ca\/International\/wp-json\/wp\/v2\/posts"}],"about":[{"href":"https:\/\/linitiative.ca\/International\/wp-json\/wp\/v2\/types\/post"}],"author":[{"embeddable":true,"href":"https:\/\/linitiative.ca\/International\/wp-json\/wp\/v2\/users\/1760"}],"replies":[{"embeddable":true,"href":"https:\/\/linitiative.ca\/International\/wp-json\/wp\/v2\/comments?post=111275"}],"version-history":[{"count":0,"href":"https:\/\/linitiative.ca\/International\/wp-json\/wp\/v2\/posts\/111275\/revisions"}],"wp:attachment":[{"href":"https:\/\/linitiative.ca\/International\/wp-json\/wp\/v2\/media?parent=111275"}],"wp:term":[{"taxonomy":"category","embeddable":true,"href":"https:\/\/linitiative.ca\/International\/wp-json\/wp\/v2\/categories?post=111275"},{"taxonomy":"post_tag","embeddable":true,"href":"https:\/\/linitiative.ca\/International\/wp-json\/wp\/v2\/tags?post=111275"}],"curies":[{"name":"wp","href":"https:\/\/api.w.org\/{rel}","templated":true}]}}