{"id":111279,"date":"2021-02-15T05:23:43","date_gmt":"2021-02-15T10:23:43","guid":{"rendered":"https:\/\/linitiative.ca\/International\/taoufik-baccar-la-decennie-qui-attend-notre-pays\/"},"modified":"2021-02-15T05:23:43","modified_gmt":"2021-02-15T10:23:43","slug":"taoufik-baccar-la-decennie-qui-attend-notre-pays","status":"publish","type":"post","link":"https:\/\/linitiative.ca\/International\/taoufik-baccar-la-decennie-qui-attend-notre-pays\/","title":{"rendered":"TAOUFIK BACCAR : LA D\u00c9CENNIE QUI ATTEND NOTRE PAYS"},"content":{"rendered":"<p>Dans un statut publi\u00e9 le 13 f\u00e9vrier sur Facebook, monsieur Taoufik Baccar revient sur <span class=\"d2edcug0 hpfvmrgz qv66sw1b c1et5uql rrkovp55 a8c37x1j keod5gw0 nxhoafnm aigsh9s9 d3f4x2em fe6kdd0r mau55g9w c8b282yb iv3no6db jq4qci2q a3bd9o3v knj5qynh oo9gr5id hzawbc8m\" dir=\"auto\">les performances e\u0301conomiques et financie\u0300res me\u0301diocres des dix dernie\u0300res anne\u0301es. Il a \u00e9crit :<\/span><\/p>\n<div class=\"o9v6fnle cxmmr5t8 oygrvhab hcukyx3x c1et5uql ii04i59q\">\n<div dir=\"auto\">Les performances e\u0301conomiques et financie\u0300res me\u0301diocres des dix dernie\u0300res anne\u0301es sont maintenant connues de tous : la croissance la plus faible de l\u2019histoire de ce pays ,la dette la plus e\u0301leve\u0301e jamais enregistre\u0301e par la Tunisie avec une dette exte\u0301rieure ,de loin la plus grave pour la souverainete\u0301 d\u2019un pays ,de 109 millards de dinars au mois de septembre 2020 soit autant que l\u2019ensemble du PIB du pays ,dont 27.5 millards de dinars de dette a\u0300 court terme ,un niveau de\u0301passant le montant des re\u0301serves en devises (21.2 millards de dinars) ,un taux de cho\u0302mage qui rappelle celui qui pre\u0301valait avant l\u2019inde\u0301pendance du pays et un niveau de revenu par te\u0302te qui a baisse\u0301 de 40 % en dollars entre en l\u2019espace de dix ans .<\/div>\n<div dir=\"auto\">La perte de nos e\u0301quilibres financiers tant exte\u0301rieurs qu\u2019inte\u0301rieurs ,la croissance molle , la de\u0301gringolade du revenu par te\u0302te d\u2019habitant m\u2019interpellent et m\u2019ame\u0300nent a\u0300 me poser cette question simple :comment en si peu de temps, un pays classe\u0301 en 2008, deuxie\u0300me meilleur pays sur 140 juridictions dans la gestion de ses finances publiques, un pays classe\u0301 en 2010 parmi les 40 juridictions du monde disposant d\u2019une saine situation financie\u0300re exte\u0301rieure et qui a me\u0302me e\u0301te\u0301 sollicite\u0301 par le FMI pour participer a\u0300 un tour de table destine\u0301 a\u0300 la mobilisation de financements en faveur d\u2019un programme d\u2019ajustement au profit d\u2019un pays membre de cette institution, comment un pays ayant connu ces performances mondialement reconnues se permet-il de perdre comple\u0300tement et en si peu de temps la mai\u0302trise de ses e\u0301quilibres e\u0301conomiques et sociaux ? Une ve\u0301ritable \u00ab prouesse \u00bb que l\u2019histoire retiendra et qui fera certainement cas d\u2019e\u0301cole sur les bancs de nos Universite\u0301s et ailleurs dans le monde:le cas d\u2019un pays qui a fait fi d\u2019une expe\u0301rience de vingt ans de gestion efficace de ses finances publiques et de ses e\u0301quilibres exte\u0301rieurs ;le cas d\u2019un pays qui a choisi de fac\u0327on de\u0301libe\u0301re\u0301e la rupture avec son passe\u0301 et son capital expe\u0301rience et qui en paie aujourd\u2019hui le prix ,le cas d\u2019un pays qui souffre des maladies les plus re\u0301pandues chez les politiques : l\u2019amne\u0301sie et le populisme .<\/div>\n<\/div>\n<div class=\"o9v6fnle cxmmr5t8 oygrvhab hcukyx3x c1et5uql ii04i59q\">Ceux qui se livrent aujourd\u2019hui a\u0300 ces batailles politiques et juridiques doivent savoir qu\u2019il ne reste aujourd\u2019hui de salut pour ce pays que dans une politique d\u2019auste\u0301rite\u0301 et que la de\u0301cennie qui s\u2019annonce fera subir a\u0300 nous tous, nos enfants en particulier, les conse\u0301quences des \u00ab folies \u00bb de la de\u0301cennie qui vient de s\u2019achever .<\/div>\n<div class=\"o9v6fnle cxmmr5t8 oygrvhab hcukyx3x c1et5uql ii04i59q\">Nous avons sans succe\u0300s je dois l\u2019avouer ,attire\u0301 l\u2019attention sur ces risques de\u0300s les anne\u0301es 2012\/2013 et nos statuts sont la\u0300 pour le prouver .<\/div>\n<div class=\"o9v6fnle cxmmr5t8 oygrvhab hcukyx3x c1et5uql ii04i59q\">Nous sommes revenus sur ces proble\u0301matiques d\u2019e\u0301quilibres financiers dans les publications du CIPED en 2016 et dans notre livre publie\u0301 en 2018 sous le titre \u00ab Miroir et Horizon: re\u0302ver la Tunisie \u00bb qui a esquisse\u0301 les approches requises pour infle\u0301chir ces tendances et remettre de l\u2019ordre dans la situation financie\u0300re et budge\u0301taire et sociale du pays. Des mesures sont propose\u0301es sur le front court terme et des politiques et strate\u0301gies sont propose\u0301es pour le moyen terme.<\/div>\n<div class=\"o9v6fnle cxmmr5t8 oygrvhab hcukyx3x c1et5uql ii04i59q\">J\u2019en appelle a\u0300 la sagesse des uns et des autres ,a\u0300 ce sens du patriotisme bien que se\u0301rieusement mis a\u0300 mal ces dernie\u0300res anne\u0301es et a\u0300 cette capacite\u0301 dont le tunisien a toujours fait preuve pour se surpasser et faire ce sursaut salutaire comme ce fut le cas en 1986\/1987 afin de sauver ce pays d\u2019une ve\u0301ritable descente en enfer .<\/div>\n<div class=\"wp-post-author-wrap wp-post-author-shortcode left\">\n<h3 class=\"awpa-title\"\/>\n<div class=\"wp-post-author\">\n<div class=\"awpa-img awpa-author-block square\"><a href=\"http:\/\/lexpertjournal.net\/fr\/?author=5\"><img loading=\"lazy\" decoding=\"async\" alt=\"\" src=\"http:\/\/0.gravatar.com\/avatar\/97f8e10a1c1125ba104a76514ee07b16?s=150&amp;d=mm&amp;r=g\" srcset=\"http:\/\/0.gravatar.com\/avatar\/97f8e10a1c1125ba104a76514ee07b16?s=300&amp;d=mm&amp;r=g 2x\" class=\"avatar avatar-150 photo\" height=\"150\" width=\"150\"\/><\/a><\/div>\n<\/div>\n<\/div>\n<aside class=\"mashsb-container mashsb-main mashsb-stretched\">\n<\/aside>\n<p>Auteur: L&rsquo;expert<br \/>\n<a href=\"http:\/\/lexpertjournal.net\/fr\/?p=18657\">Cliquez ici pour lire l&rsquo;article depuis sa source.<\/a><\/p>\n","protected":false},"excerpt":{"rendered":"<p>Dans un statut publi\u00e9 le 13 f\u00e9vrier sur Facebook, monsieur Taoufik Baccar revient sur les performances e\u0301conomiques et financie\u0300res me\u0301diocres des dix dernie\u0300res anne\u0301es. Il a \u00e9crit : Les performances e\u0301conomiques et financie\u0300res me\u0301diocres des dix dernie\u0300res anne\u0301es sont maintenant connues de tous : la croissance la plus faible de l\u2019histoire de ce pays ,la [&hellip;]<\/p>\n","protected":false},"author":1775,"featured_media":0,"comment_status":"closed","ping_status":"closed","sticky":false,"template":"","format":"standard","meta":{"fifu_image_url":"http:\/\/0.gravatar.com\/avatar\/97f8e10a1c1125ba104a76514ee07b16?s=150&d=mm&r=g","fifu_image_alt":"TAOUFIK BACCAR : LA D\u00c9CENNIE QUI ATTEND NOTRE PAYS","footnotes":""},"categories":[78,55],"tags":[],"class_list":["post-111279","post","type-post","status-publish","format-standard","hentry","category-economie","category-tunisie"],"_links":{"self":[{"href":"https:\/\/linitiative.ca\/International\/wp-json\/wp\/v2\/posts\/111279","targetHints":{"allow":["GET"]}}],"collection":[{"href":"https:\/\/linitiative.ca\/International\/wp-json\/wp\/v2\/posts"}],"about":[{"href":"https:\/\/linitiative.ca\/International\/wp-json\/wp\/v2\/types\/post"}],"author":[{"embeddable":true,"href":"https:\/\/linitiative.ca\/International\/wp-json\/wp\/v2\/users\/1775"}],"replies":[{"embeddable":true,"href":"https:\/\/linitiative.ca\/International\/wp-json\/wp\/v2\/comments?post=111279"}],"version-history":[{"count":0,"href":"https:\/\/linitiative.ca\/International\/wp-json\/wp\/v2\/posts\/111279\/revisions"}],"wp:attachment":[{"href":"https:\/\/linitiative.ca\/International\/wp-json\/wp\/v2\/media?parent=111279"}],"wp:term":[{"taxonomy":"category","embeddable":true,"href":"https:\/\/linitiative.ca\/International\/wp-json\/wp\/v2\/categories?post=111279"},{"taxonomy":"post_tag","embeddable":true,"href":"https:\/\/linitiative.ca\/International\/wp-json\/wp\/v2\/tags?post=111279"}],"curies":[{"name":"wp","href":"https:\/\/api.w.org\/{rel}","templated":true}]}}