{"id":111282,"date":"2021-02-15T07:05:00","date_gmt":"2021-02-15T12:05:00","guid":{"rendered":"https:\/\/linitiative.ca\/International\/brahim-laalami-condamne-a-2-ans-de-prison-ferme\/"},"modified":"2021-02-15T07:05:00","modified_gmt":"2021-02-15T12:05:00","slug":"brahim-laalami-condamne-a-2-ans-de-prison-ferme","status":"publish","type":"post","link":"https:\/\/linitiative.ca\/International\/brahim-laalami-condamne-a-2-ans-de-prison-ferme\/","title":{"rendered":"Brahim Laalami condamn\u00e9 \u00e0 2 ans de prison ferme"},"content":{"rendered":"<div id=\"originalText\" readability=\"57\">\n<p class=\"c6\">L\u2019activiste Brahim Laalami a \u00e9t\u00e9 condamn\u00e9, ce lundi, \u00e0 deux ans de prison ferme et \u00e0 une amende\u00a0 de 20 000 DA, par le tribunal correctionnel de de Bordj Bou Arreridj.<\/p>\n<p class=\"c6\">Dans son r\u00e9quisitoire le parquet avait requis 4 ans de prison ferme et une amende de\u00a0 500\u00a0000 DA.<\/p>\n<p class=\"c6\">Lors de son proc\u00e8s, le 08 f\u00e9vrier dernier, la d\u00e9fense\u00a0 avait boycott\u00e9 l\u2019audience pour protester contre ce qu\u2019ils avaient consid\u00e9r\u00e9 comme \u00ab\u00a0absence des conditions d\u2019un proc\u00e8s \u00e9quitable\u00a0\u00bb,<\/p>\n<p class=\"c6\">L\u2019activiste \u00e9tait poursuivi, cette fois-ci,\u00a0 selon le collectif des avocats, pour \u00abdiscrimination et discours de haine\u00a0\u00bb, \u00ab\u00a0outrage \u00e0 corps constitu\u00e9s\u00a0\u00bb, \u00ab\u00a0utilisation de la force contre un agent de la force publique\u00a0\u00bb\u2026<\/p>\n<p class=\"c6\">\u00a0<\/p>\n<p class=\"c7\"><strong>Chabane BOUARISSA pour R\u00e9daction WEB<\/strong><\/p>\n<\/div>\n<div id=\"text_core\" readability=\"57\">\n<p class=\"c6\">L\u2019activiste Brahim Laalami a \u00e9t\u00e9 condamn\u00e9, ce lundi, \u00e0 deux ans de prison ferme et \u00e0 une amende\u00a0 de 20 000 DA, par le tribunal correctionnel de de Bordj Bou Arreridj.<\/p>\n<p class=\"c6\">Dans son r\u00e9quisitoire le parquet avait requis 4 ans de prison ferme et une amende de\u00a0 500\u00a0000 DA.<\/p>\n<p class=\"c6\">Lors de son proc\u00e8s, le 08 f\u00e9vrier dernier, la d\u00e9fense\u00a0 avait boycott\u00e9 l\u2019audience pour protester contre ce qu\u2019ils avaient consid\u00e9r\u00e9 comme \u00ab\u00a0absence des conditions d\u2019un proc\u00e8s \u00e9quitable\u00a0\u00bb,<\/p>\n<p class=\"c6\">L\u2019activiste \u00e9tait poursuivi, cette fois-ci,\u00a0 selon le collectif des avocats, pour \u00abdiscrimination et discours de haine\u00a0\u00bb, \u00ab\u00a0outrage \u00e0 corps constitu\u00e9s\u00a0\u00bb, \u00ab\u00a0utilisation de la force contre un agent de la force publique\u00a0\u00bb\u2026<\/p>\n<p class=\"c6\">\u00a0<\/p>\n<p class=\"c7\"><strong>Chabane BOUARISSA pour R\u00e9daction WEB<\/strong><\/p>\n<\/div>\n<p>Auteur:<br \/>\n<a href=\"https:\/\/www.liberte-algerie.com\/actualite\/brahim-laalami-condamne-a-2-ans-de-prison-ferme-354113\">Cliquez ici pour lire l&rsquo;article depuis sa source.<\/a><\/p>\n","protected":false},"excerpt":{"rendered":"<p>L\u2019activiste Brahim Laalami a \u00e9t\u00e9 condamn\u00e9, ce lundi, \u00e0 deux ans de prison ferme et \u00e0 une amende\u00a0 de 20 000 DA, par le tribunal correctionnel de de Bordj Bou Arreridj. Dans son r\u00e9quisitoire le parquet avait requis 4 ans de prison ferme et une amende de\u00a0 500\u00a0000 DA. Lors de son proc\u00e8s, le 08 [&hellip;]<\/p>\n","protected":false},"author":1742,"featured_media":0,"comment_status":"closed","ping_status":"closed","sticky":false,"template":"","format":"standard","meta":{"fifu_image_url":"","fifu_image_alt":"","footnotes":""},"categories":[73,53],"tags":[],"class_list":["post-111282","post","type-post","status-publish","format-standard","hentry","category-actualite","category-algerie"],"_links":{"self":[{"href":"https:\/\/linitiative.ca\/International\/wp-json\/wp\/v2\/posts\/111282","targetHints":{"allow":["GET"]}}],"collection":[{"href":"https:\/\/linitiative.ca\/International\/wp-json\/wp\/v2\/posts"}],"about":[{"href":"https:\/\/linitiative.ca\/International\/wp-json\/wp\/v2\/types\/post"}],"author":[{"embeddable":true,"href":"https:\/\/linitiative.ca\/International\/wp-json\/wp\/v2\/users\/1742"}],"replies":[{"embeddable":true,"href":"https:\/\/linitiative.ca\/International\/wp-json\/wp\/v2\/comments?post=111282"}],"version-history":[{"count":0,"href":"https:\/\/linitiative.ca\/International\/wp-json\/wp\/v2\/posts\/111282\/revisions"}],"wp:attachment":[{"href":"https:\/\/linitiative.ca\/International\/wp-json\/wp\/v2\/media?parent=111282"}],"wp:term":[{"taxonomy":"category","embeddable":true,"href":"https:\/\/linitiative.ca\/International\/wp-json\/wp\/v2\/categories?post=111282"},{"taxonomy":"post_tag","embeddable":true,"href":"https:\/\/linitiative.ca\/International\/wp-json\/wp\/v2\/tags?post=111282"}],"curies":[{"name":"wp","href":"https:\/\/api.w.org\/{rel}","templated":true}]}}