{"id":111283,"date":"2021-02-14T17:41:46","date_gmt":"2021-02-14T22:41:46","guid":{"rendered":"https:\/\/linitiative.ca\/International\/lancement-dune-antenne-de-la-clinique-du-droit\/"},"modified":"2021-02-14T17:41:46","modified_gmt":"2021-02-14T22:41:46","slug":"lancement-dune-antenne-de-la-clinique-du-droit","status":"publish","type":"post","link":"https:\/\/linitiative.ca\/International\/lancement-dune-antenne-de-la-clinique-du-droit\/","title":{"rendered":"Lancement d\u2019une antenne de la Clinique du Droit"},"content":{"rendered":"<div readability=\"37\">\n<p>Essaouira \u2013 L\u2019Espace \u00ab\u00a0Bayt Dakira\u00a0\u00bb a \u00e9t\u00e9, samedi, le t\u00e9moin de l\u2019annonce du lancement \u00e0 Essaouira d\u2019une antenne de la Clinique du Droit relevant de la Facult\u00e9 des Sciences Juridiques, Economiques et Sociales (FSJES) Rabat-Agdal.<\/p>\n<\/div>\n<div readability=\"149\">\n<p>Cette importante annonce a \u00e9t\u00e9 faite en pr\u00e9sence de MM. Andr\u00e9 Azoulay, Conseiller de SM le Roi et pr\u00e9sident-fondateur de l\u2019Association Essaouira-Mogador, et Tarik Ottmani, pr\u00e9sident du bureau ex\u00e9cutif de l\u2019Association, lors de la 6\u00e8me Rencontre scientifique, initi\u00e9e conjointement par le Centre d\u2019Etudes et de Recherches sur le Droit H\u00e9bra\u00efque au Maroc, la Fondation Konrad-Adenauer au Maroc, l\u2019Association Essaouira-Mogador et \u00ab\u00a0Bayt Dakira\u00a0\u00bb, sous le th\u00e8me \u00ab\u00a0Quand la diversit\u00e9 marocaine s\u2019invite au c\u0153ur des Humanit\u00e9s\u00a0\u00bb.<\/p>\n<p>La mise en place de cette nouvelle structure dans la Cit\u00e9 des Aliz\u00e9s intervient dans le cadre du partenariat liant l\u2019Universit\u00e9 Mohammed V de Rabat (FSJES Rabat-Agdal) et l\u2019Association Essaouira-Mogador.<\/p>\n<p>Ladite antenne aura pour mission de mettre \u00e0 la disposition des citoyens de la ville d\u2019Essaouira les ressources de la Clinique du Droit de la FSJES Rabat-Agdal, afin de faire face aux demandes d\u2019informations et d\u2019orientation en mati\u00e8re juridique.<\/p>\n<p>Ainsi, une journ\u00e9e par mois, une permanence sera organis\u00e9e au si\u00e8ge de l\u2019Association \u00e0 \u00ab\u00a0Dar Souiri\u00a0\u00bb pour recevoir les citoyens, les \u00e9couter et prendre en charge leurs dossiers.<\/p>\n<p>La Clinique du Droit est un projet \u00e0 vocation p\u00e9dagogique et sociale, qui vise, d\u2019une part, \u00e0 permettre aux \u00e9tudiants de niveau Master de compl\u00e9ter leur formation par une confrontation avec des cas r\u00e9els et, d\u2019autre part, \u00e0 offrir assistance \u00e0 des citoyens en qu\u00eate d\u2019information et d\u2019orientation juridiques.<\/p>\n<p>Ce projet, qui consacre \u00e0 travers l\u2019assistance aux citoyens la vocation civique et l\u2019engagement citoyen de l\u2019Universit\u00e9 Mohammed V (UM5) de Rabat, pr\u00e9figure la vocation d\u2019Essaouira en tant que p\u00f4le universitaire du Royaume.<\/p>\n<p>Dans un mot prononc\u00e9 \u00e0 cette occasion, en pr\u00e9sence notamment du pr\u00e9sident de l\u2019UM5, Mohammed Rhachi, du pr\u00e9sident fondateur du Centre d\u2019Etudes et de Recherches sur le Droit H\u00e9bra\u00efque, Abdellah Ouzitane, du pr\u00e9sident-ex\u00e9cutif dudit Centre et Doyen de la FSJES Rabat-Agdal, Farid El Bacha, du Repr\u00e9sentant R\u00e9sident de la Fondation Konrad Adenauer, Steffen Kr\u00fcger, ainsi que d\u2019un parterre d\u2019universitaires, d\u2019acteurs de divers horizons et d\u2019\u00e9tudiants-chercheurs, la Responsable de la Clinique du Droit et professeure universitaire, Mme Ilham Hamdai, s\u2019est f\u00e9licit\u00e9e du coup d\u2019envoi de ce nouveau projet, soulignant qu\u2019il s\u2019agit d\u2019une id\u00e9e novatrice ayant une port\u00e9e p\u00e9dagogique et sociale pour laquelle la FSJES Rabat-Agdal a \u00e9t\u00e9 pionni\u00e8re.<\/p>\n<p>Mme Hamdai, \u00e9galement Coordinatrice du Master \u00ab\u00a0Droit des \u00e9changes euro-m\u00e9diterran\u00e9ens\u00a0\u00bb, a, dans ce sens, expliqu\u00e9 que les \u00e9tudiants dans les facult\u00e9s de Droit re\u00e7oivent surtout un enseignement th\u00e9orique et c\u2019est une fois qu\u2019ils s\u2019int\u00e8grent dans le monde du travail qu\u2019ils affrontent la r\u00e9alit\u00e9 concr\u00e8te, estimant que \u00ab\u00a0c\u2019est l\u00e0 un fait qui handicape la plupart d\u2019entre eux et constitue un obstacle \u00e0 leur rapide int\u00e9gration\u00a0\u00bb.<\/p>\n<p>Elle a affirm\u00e9 que la Clinique du Droit leur permet, d\u2019une part, de combler cette lacune par l\u2019acquisition de comp\u00e9tences parall\u00e8les n\u00e9cessaires \u00e0 la formation\/emploi, appel\u00e9es \u00ab\u00a0Soft Skills\u00a0\u00bb (prise de parole, \u00e9coute active, technique d\u2019entretiens, \u2026) et, d\u2019autre part, de remplir un devoir civique vis-\u00e0-vis de leurs concitoyens en qu\u00eate d\u2019information et d\u2019orientation juridiques.<\/p>\n<p>Mme Hamdai a, en outre, rappel\u00e9 que cr\u00e9\u00e9e en 2015, ladite Clinique du Droit, la premi\u00e8re au Maroc, a particip\u00e9 \u00e0 la formation d\u2019une dizaine de promotions et assist\u00e9 la mise en place de plusieurs cliniques \u00e0 l\u2019international, notamment en Tunisie, au Mali et au S\u00e9n\u00e9gal.<\/p>\n<p>Suite \u00e0 cette annonce, l\u2019antenne a d\u00e9but\u00e9 ses activit\u00e9s, samedi apr\u00e8s-midi, avec quatre rendez-vous programm\u00e9s gr\u00e2ce \u00e0 une permanence assur\u00e9e par un bin\u00f4me d\u2019\u00e9tudiants qui ont fait le d\u00e9placement de Rabat \u00e0 Essaouira.<\/p>\n<p>Les travaux de cette 6\u00e8me Rencontre scientifique a \u00e9t\u00e9, par ailleurs, ponctu\u00e9e de pr\u00e9sentations sur les m\u00e9canismes p\u00e9dagogiques et institutionnels de la mise en \u0153uvre du partenariat entre le minist\u00e8re de l\u2019Education nationale, de la Formation professionnelle, de l\u2019Enseignement sup\u00e9rieur et de la Recherche scientifique, le Centre d\u2019Etudes et de Recherches sur le Droit H\u00e9bra\u00efque au Maroc et l\u2019Association Essaouira-Mogador, ainsi que sur le programme de recherches pluridisciplinaires intitul\u00e9 \u00ab\u00a0Les mutations des normativit\u00e9s sociopolitiques, juridiques, \u00e9conomiques, culturelles et socio-\u00e9ducatives dans l\u2019espace m\u00e9diterran\u00e9en, une approche multidimensionnelle et comparative\u00a0\u00bb.<\/p>\n<\/div>\n<p>Auteur: Meriem IGASS<br \/>\n<a href=\"http:\/\/www.mapmarrakech.ma\/fr\/lancement-dune-antenne-de-la-clinique-du-droit-de-la-fsjes-rabat-agdal\/\">Cliquez ici pour lire l&rsquo;article depuis sa source.<\/a><\/p>\n","protected":false},"excerpt":{"rendered":"<p>Essaouira \u2013 L\u2019Espace \u00ab\u00a0Bayt Dakira\u00a0\u00bb a \u00e9t\u00e9, samedi, le t\u00e9moin de l\u2019annonce du lancement \u00e0 Essaouira d\u2019une antenne de la Clinique du Droit relevant de la Facult\u00e9 des Sciences Juridiques, Economiques et Sociales (FSJES) Rabat-Agdal. Cette importante annonce a \u00e9t\u00e9 faite en pr\u00e9sence de MM. Andr\u00e9 Azoulay, Conseiller de SM le Roi et pr\u00e9sident-fondateur de [&hellip;]<\/p>\n","protected":false},"author":1788,"featured_media":0,"comment_status":"closed","ping_status":"closed","sticky":false,"template":"","format":"standard","meta":{"fifu_image_url":"","fifu_image_alt":"","footnotes":""},"categories":[54,76],"tags":[],"class_list":["post-111283","post","type-post","status-publish","format-standard","hentry","category-maroc","category-regions"],"_links":{"self":[{"href":"https:\/\/linitiative.ca\/International\/wp-json\/wp\/v2\/posts\/111283","targetHints":{"allow":["GET"]}}],"collection":[{"href":"https:\/\/linitiative.ca\/International\/wp-json\/wp\/v2\/posts"}],"about":[{"href":"https:\/\/linitiative.ca\/International\/wp-json\/wp\/v2\/types\/post"}],"author":[{"embeddable":true,"href":"https:\/\/linitiative.ca\/International\/wp-json\/wp\/v2\/users\/1788"}],"replies":[{"embeddable":true,"href":"https:\/\/linitiative.ca\/International\/wp-json\/wp\/v2\/comments?post=111283"}],"version-history":[{"count":0,"href":"https:\/\/linitiative.ca\/International\/wp-json\/wp\/v2\/posts\/111283\/revisions"}],"wp:attachment":[{"href":"https:\/\/linitiative.ca\/International\/wp-json\/wp\/v2\/media?parent=111283"}],"wp:term":[{"taxonomy":"category","embeddable":true,"href":"https:\/\/linitiative.ca\/International\/wp-json\/wp\/v2\/categories?post=111283"},{"taxonomy":"post_tag","embeddable":true,"href":"https:\/\/linitiative.ca\/International\/wp-json\/wp\/v2\/tags?post=111283"}],"curies":[{"name":"wp","href":"https:\/\/api.w.org\/{rel}","templated":true}]}}