{"id":111284,"date":"2021-02-15T04:11:32","date_gmt":"2021-02-15T09:11:32","guid":{"rendered":"https:\/\/linitiative.ca\/International\/la-diversite-marocaine-au-coeur-des-humanites-en-debat-a-essaouira\/"},"modified":"2021-02-15T04:11:32","modified_gmt":"2021-02-15T09:11:32","slug":"la-diversite-marocaine-au-coeur-des-humanites-en-debat-a-essaouira","status":"publish","type":"post","link":"https:\/\/linitiative.ca\/International\/la-diversite-marocaine-au-coeur-des-humanites-en-debat-a-essaouira\/","title":{"rendered":"La diversit\u00e9 marocaine au c\u0153ur des Humanit\u00e9s en d\u00e9bat \u00e0 Essaouira"},"content":{"rendered":"<div readability=\"39\">\n<p>Essaouira \u2013 \u00ab\u00a0D\u00e9monstration \u00e9clatante ce week-end \u00e0 Essaouira de l\u2019impressionnante adh\u00e9sion de nos lyc\u00e9ens et coll\u00e9giens \u00e0 l\u2019Initiative Royale introduisant l\u2019histoire du Juda\u00efsme marocain dans nos manuels scolaires\u00a0\u00bb, a d\u00e9clar\u00e9, samedi \u00e0 Essaouira, M. Andr\u00e9 Azoulay, Conseiller de SM le Roi et Pr\u00e9sident-Fondateur de l\u2019Association Essaouira-Mogador.<\/p>\n<\/div>\n<div readability=\"87\">\n<p>S\u2019exprimant en conclusion d\u2019un s\u00e9minaire scientifique international r\u00e9uni \u00e0 \u00ab\u00a0Bayt Dakira\u00a0\u00bb pour d\u00e9battre de \u00ab\u00a0la diversit\u00e9 marocaine au c\u0153ur des Humanit\u00e9s\u00a0\u00bb, le Conseiller de SM le Roi a annonc\u00e9 que moins d\u2019un mois apr\u00e8s le lancement du premier \u00ab\u00a0Club de tol\u00e9rance et de coexistence\u00a0\u00bb, la Cit\u00e9 des Aliz\u00e9s a enregistr\u00e9 la cr\u00e9ation de 107 autres clubs, \u00e0 la seule initiative et demande des \u00e9tudiants.<\/p>\n<p>D\u00e9l\u00e9gu\u00e9s par leurs classes pour expliquer les raisons de cette mobilisation, des dizaines de lyc\u00e9ens et coll\u00e9giens ont \u00ab\u00a0incarn\u00e9 avec conviction, talent et cr\u00e9ativit\u00e9 leur fiert\u00e9 de porter haut les couleurs d\u2019un Maroc fort de la richesse de toutes ses diversit\u00e9s, et d\u2019un Maroc plus uni que jamais autour de la modernit\u00e9 d\u2019une citoyennet\u00e9 qui ignore la frilosit\u00e9\u00a0\u00bb, a ajout\u00e9 M. Azoulay, en soulignant, dans ce contexte, \u00ab\u00a0ces acquis in\u00e9dits, \u00e9loquents et riches de promesses des g\u00e9n\u00e9rations montantes, sorties de l\u2019\u00e9cole publique marocaine\u00a0\u00bb.<\/p>\n<p>Ce week-end particuli\u00e8rement f\u00e9cond a \u00e9galement vu la signature \u00e0 Essaouira d\u2019une convention pour le lancement d\u2019un programme scientifique de recherches sur \u00ab\u00a0les mutations des normativit\u00e9s dans l\u2019espace euro-m\u00e9diterran\u00e9en\u00a0\u00bb.<\/p>\n<p>Ce programme associera autour de \u00ab\u00a0Bayt Dakira\u00a0\u00bb et du Centre d\u2019Etudes et de Recherches sur le Droit H\u00e9bra\u00efque au Maroc, l\u2019Universit\u00e9 Mohammed V de Rabat, l\u2019Universit\u00e9 Internationale de Rabat et l\u2019Universit\u00e9 de Bordeaux.<\/p>\n<p>Autre temps fort de ce week-end souiri particuli\u00e8rement charg\u00e9, le lancement de la Clinique du Droit \u00e0 Essaouira \u00e0 l\u2019initiative et sous l\u2019autorit\u00e9 du Professeur Ilham Hamdai, de la Facult\u00e9 de Droit de Rabat-Agdal.<\/p>\n<p>Auparavant, M. Steffen Kr\u00fcger, Repr\u00e9sentant R\u00e9sident de la Fondation Konrad Adenauer au Maroc, a pr\u00e9sent\u00e9 un livre sur la singularit\u00e9 du Droit H\u00e9bra\u00efque au Maroc.<\/p>\n<p>De nombreuses personnalit\u00e9s et experts ont particip\u00e9 \u00e0 ces travaux, parmi lesquels le pr\u00e9sident de l\u2019Universit\u00e9 Mohammed V de Rabat, M. Mohammed Rhachi, le Doyen de la Facult\u00e9 de Droit de Rabat-Agdal, M. Farid El Bacha, et les professeurs et chercheurs de Bordeaux, avec \u00e0 leur t\u00eate M. Abdellah Ouzitane, Pr\u00e9sident-Fondateur du Centre d\u2019Etudes et de Recherches sur le Droit H\u00e9bra\u00efque au Maroc et MM. Carlos-Manuel Alves, Eric Dugas et Andr\u00e9 Meuni\u00e9.<\/p>\n<\/div>\n<p>Auteur: Meriem IGASS<br \/>\n<a href=\"http:\/\/www.mapmarrakech.ma\/fr\/la-diversite-marocaine-au-coeur-des-humanites-en-debat-a-essaouira\/\">Cliquez ici pour lire l&rsquo;article depuis sa source.<\/a><\/p>\n","protected":false},"excerpt":{"rendered":"<p>Essaouira \u2013 \u00ab\u00a0D\u00e9monstration \u00e9clatante ce week-end \u00e0 Essaouira de l\u2019impressionnante adh\u00e9sion de nos lyc\u00e9ens et coll\u00e9giens \u00e0 l\u2019Initiative Royale introduisant l\u2019histoire du Juda\u00efsme marocain dans nos manuels scolaires\u00a0\u00bb, a d\u00e9clar\u00e9, samedi \u00e0 Essaouira, M. Andr\u00e9 Azoulay, Conseiller de SM le Roi et Pr\u00e9sident-Fondateur de l\u2019Association Essaouira-Mogador. S\u2019exprimant en conclusion d\u2019un s\u00e9minaire scientifique international r\u00e9uni \u00e0 [&hellip;]<\/p>\n","protected":false},"author":1788,"featured_media":0,"comment_status":"closed","ping_status":"closed","sticky":false,"template":"","format":"standard","meta":{"fifu_image_url":"","fifu_image_alt":"","footnotes":""},"categories":[54,76],"tags":[],"class_list":["post-111284","post","type-post","status-publish","format-standard","hentry","category-maroc","category-regions"],"_links":{"self":[{"href":"https:\/\/linitiative.ca\/International\/wp-json\/wp\/v2\/posts\/111284","targetHints":{"allow":["GET"]}}],"collection":[{"href":"https:\/\/linitiative.ca\/International\/wp-json\/wp\/v2\/posts"}],"about":[{"href":"https:\/\/linitiative.ca\/International\/wp-json\/wp\/v2\/types\/post"}],"author":[{"embeddable":true,"href":"https:\/\/linitiative.ca\/International\/wp-json\/wp\/v2\/users\/1788"}],"replies":[{"embeddable":true,"href":"https:\/\/linitiative.ca\/International\/wp-json\/wp\/v2\/comments?post=111284"}],"version-history":[{"count":0,"href":"https:\/\/linitiative.ca\/International\/wp-json\/wp\/v2\/posts\/111284\/revisions"}],"wp:attachment":[{"href":"https:\/\/linitiative.ca\/International\/wp-json\/wp\/v2\/media?parent=111284"}],"wp:term":[{"taxonomy":"category","embeddable":true,"href":"https:\/\/linitiative.ca\/International\/wp-json\/wp\/v2\/categories?post=111284"},{"taxonomy":"post_tag","embeddable":true,"href":"https:\/\/linitiative.ca\/International\/wp-json\/wp\/v2\/tags?post=111284"}],"curies":[{"name":"wp","href":"https:\/\/api.w.org\/{rel}","templated":true}]}}