{"id":111286,"date":"2021-02-15T10:04:57","date_gmt":"2021-02-15T15:04:57","guid":{"rendered":"https:\/\/linitiative.ca\/International\/accords-de-partenariat-pour-le-soutien-des-artisans-et-des-enfants-en-situation-de-precarite\/"},"modified":"2021-02-15T10:04:57","modified_gmt":"2021-02-15T15:04:57","slug":"accords-de-partenariat-pour-le-soutien-des-artisans-et-des-enfants-en-situation-de-precarite","status":"publish","type":"post","link":"https:\/\/linitiative.ca\/International\/accords-de-partenariat-pour-le-soutien-des-artisans-et-des-enfants-en-situation-de-precarite\/","title":{"rendered":"Accords de partenariat pour le soutien des artisans et des enfants en situation de pr\u00e9carit\u00e9"},"content":{"rendered":"<p><iframe loading=\"lazy\" width=\"1170\" height=\"658\" src=\"https:\/\/www.youtube.com\/embed\/3luE_0yef_8?feature=oembed\" frameborder=\"0\" allow=\"accelerometer; autoplay; clipboard-write; encrypted-media; gyroscope; picture-in-picture\" allowfullscreen=\"allowfullscreen\">[embedded content]<\/iframe><\/p>\n<div class=\"single-post-excerpt post-excerpt-bc\" readability=\"41\">\n<p>L\u2019H\u00f4tel &amp; Ryads Barri\u00e8re le Naoura a conclu, \u00e0 Marrakech, deux accords de partenariat avec la Ligue Marocaine pour la Protection de l\u2019Enfance (LMPE), antenne de Marrakech, et le Centre de Formation et Qualification aux M\u00e9tiers de l\u2019Artisanat de Marrakech-Safi avec comme objectifs de soutenir les ma\u00eetres-artisans, ainsi que les enfants en situation de pr\u00e9carit\u00e9 ou abandon, touch\u00e9s de plein fouet par la crise sanitaire et ses cons\u00e9quences \u00e9conomiques et financi\u00e8res.<\/p>\n<\/div>\n<p>Auteur: Meriem IGASS<br \/>\n<a href=\"http:\/\/www.mapmarrakech.ma\/fr\/accords-de-partenariat-pour-le-soutien-des-artisans-et-des-enfants-en-situation-de-precarite\/\">Cliquez ici pour lire l&rsquo;article depuis sa source.<\/a><\/p>\n","protected":false},"excerpt":{"rendered":"<p>[embedded content] L\u2019H\u00f4tel &amp; Ryads Barri\u00e8re le Naoura a conclu, \u00e0 Marrakech, deux accords de partenariat avec la Ligue Marocaine pour la Protection de l\u2019Enfance (LMPE), antenne de Marrakech, et le Centre de Formation et Qualification aux M\u00e9tiers de l\u2019Artisanat de Marrakech-Safi avec comme objectifs de soutenir les ma\u00eetres-artisans, ainsi que les enfants en situation [&hellip;]<\/p>\n","protected":false},"author":1788,"featured_media":0,"comment_status":"closed","ping_status":"closed","sticky":false,"template":"","format":"standard","meta":{"fifu_image_url":"","fifu_image_alt":"","footnotes":""},"categories":[54,76],"tags":[],"class_list":["post-111286","post","type-post","status-publish","format-standard","hentry","category-maroc","category-regions"],"_links":{"self":[{"href":"https:\/\/linitiative.ca\/International\/wp-json\/wp\/v2\/posts\/111286","targetHints":{"allow":["GET"]}}],"collection":[{"href":"https:\/\/linitiative.ca\/International\/wp-json\/wp\/v2\/posts"}],"about":[{"href":"https:\/\/linitiative.ca\/International\/wp-json\/wp\/v2\/types\/post"}],"author":[{"embeddable":true,"href":"https:\/\/linitiative.ca\/International\/wp-json\/wp\/v2\/users\/1788"}],"replies":[{"embeddable":true,"href":"https:\/\/linitiative.ca\/International\/wp-json\/wp\/v2\/comments?post=111286"}],"version-history":[{"count":0,"href":"https:\/\/linitiative.ca\/International\/wp-json\/wp\/v2\/posts\/111286\/revisions"}],"wp:attachment":[{"href":"https:\/\/linitiative.ca\/International\/wp-json\/wp\/v2\/media?parent=111286"}],"wp:term":[{"taxonomy":"category","embeddable":true,"href":"https:\/\/linitiative.ca\/International\/wp-json\/wp\/v2\/categories?post=111286"},{"taxonomy":"post_tag","embeddable":true,"href":"https:\/\/linitiative.ca\/International\/wp-json\/wp\/v2\/tags?post=111286"}],"curies":[{"name":"wp","href":"https:\/\/api.w.org\/{rel}","templated":true}]}}