{"id":111290,"date":"2021-02-15T13:08:04","date_gmt":"2021-02-15T18:08:04","guid":{"rendered":"https:\/\/linitiative.ca\/International\/linstitut-francais-doujda-lance-le-projet-je-viens-de-loriental\/"},"modified":"2021-02-15T13:08:04","modified_gmt":"2021-02-15T18:08:04","slug":"linstitut-francais-doujda-lance-le-projet-je-viens-de-loriental","status":"publish","type":"post","link":"https:\/\/linitiative.ca\/International\/linstitut-francais-doujda-lance-le-projet-je-viens-de-loriental\/","title":{"rendered":"L\u2019Institut fran\u00e7ais d\u2019Oujda lance le projet \u00abJe viens de l\u2019Oriental\u00bb"},"content":{"rendered":"<div class=\"single-featured\"><img alt=\"\" data-src=\"http:\/\/www.mapoujda.ma\/map\/uploads\/2021\/02\/Cover-JVDLO-750\u00d7430-DR.jpg\"\/><\/div>\n<div class=\"entry-content clearfix single-post-content\" readability=\"58\">\n<p class=\"c4\">L\u2019Institut fran\u00e7ais d\u2019Oujda organise, en partenariat avec l\u2019Agence de l\u2019Oriental et le collectif artistique \u00abKASSITA\u00bb un projet culturel intitul\u00e9 \u00abJe viens de l\u2019Oriental\u00bb, diffus\u00e9 sur les r\u00e9seaux sociaux.<\/p>\n<p class=\"c4\">Fruit d\u2019une collaboration ambitieuse, ce projet pr\u00e9sente un ensemble de sc\u00e8nes et d\u2019images qui ont marqu\u00e9 l\u2019histoire de la r\u00e9gion de l\u2019Oriental, \u00e0 travers une s\u00e9rie de portraits, de documentaires et d\u2019illustrations graphiques mettant en valeur des personnalit\u00e9s, des produits, des lieux et des histoires c\u00e9l\u00e8bres de la r\u00e9gion.<\/p>\n<p class=\"c4\">Le projet se distingue par son design graphique portant la signature de l\u2019artiste-peintre Youness Miloudi, par son format destin\u00e9 aux utilisateurs des r\u00e9seaux sociaux, par son authenticit\u00e9 documentaire et par sa continuit\u00e9 dans le temps \u00e0 travers des rendez-vous r\u00e9guliers tout au long de l\u2019ann\u00e9e 2021.<\/p>\n<p class=\"c4\">\u00abJe viens de l\u2019Oriental\u00bb a pour ambition de faire d\u00e9couvrir davantage la richesse du patrimoine culturel en illustrant la m\u00e9moire de la r\u00e9gion et en cr\u00e9ant un contenu num\u00e9rique unique qui valorise l\u2019Oriental, soulignent les organisateurs.<\/p>\n<\/div>\n<p>Auteur: Soufiane ELAHMAR<br \/>\n<a href=\"http:\/\/www.mapoujda.ma\/fr\/linstitut-francais-doujda-lance-le-projet-je-viens-de-loriental\/\">Cliquez ici pour lire l&rsquo;article depuis sa source.<\/a><\/p>\n","protected":false},"excerpt":{"rendered":"<p>L\u2019Institut fran\u00e7ais d\u2019Oujda organise, en partenariat avec l\u2019Agence de l\u2019Oriental et le collectif artistique \u00abKASSITA\u00bb un projet culturel intitul\u00e9 \u00abJe viens de l\u2019Oriental\u00bb, diffus\u00e9 sur les r\u00e9seaux sociaux. Fruit d\u2019une collaboration ambitieuse, ce projet pr\u00e9sente un ensemble de sc\u00e8nes et d\u2019images qui ont marqu\u00e9 l\u2019histoire de la r\u00e9gion de l\u2019Oriental, \u00e0 travers une s\u00e9rie de [&hellip;]<\/p>\n","protected":false},"author":1788,"featured_media":0,"comment_status":"closed","ping_status":"closed","sticky":false,"template":"","format":"standard","meta":{"fifu_image_url":"http:\/\/www.mapoujda.ma\/map\/uploads\/2021\/02\/Cover-JVDLO-750\u00d7430-DR.jpg","fifu_image_alt":"L\u2019Institut fran\u00e7ais d\u2019Oujda lance le projet \u00abJe viens de l\u2019Oriental\u00bb","footnotes":""},"categories":[54,76],"tags":[],"class_list":["post-111290","post","type-post","status-publish","format-standard","hentry","category-maroc","category-regions"],"_links":{"self":[{"href":"https:\/\/linitiative.ca\/International\/wp-json\/wp\/v2\/posts\/111290","targetHints":{"allow":["GET"]}}],"collection":[{"href":"https:\/\/linitiative.ca\/International\/wp-json\/wp\/v2\/posts"}],"about":[{"href":"https:\/\/linitiative.ca\/International\/wp-json\/wp\/v2\/types\/post"}],"author":[{"embeddable":true,"href":"https:\/\/linitiative.ca\/International\/wp-json\/wp\/v2\/users\/1788"}],"replies":[{"embeddable":true,"href":"https:\/\/linitiative.ca\/International\/wp-json\/wp\/v2\/comments?post=111290"}],"version-history":[{"count":0,"href":"https:\/\/linitiative.ca\/International\/wp-json\/wp\/v2\/posts\/111290\/revisions"}],"wp:attachment":[{"href":"https:\/\/linitiative.ca\/International\/wp-json\/wp\/v2\/media?parent=111290"}],"wp:term":[{"taxonomy":"category","embeddable":true,"href":"https:\/\/linitiative.ca\/International\/wp-json\/wp\/v2\/categories?post=111290"},{"taxonomy":"post_tag","embeddable":true,"href":"https:\/\/linitiative.ca\/International\/wp-json\/wp\/v2\/tags?post=111290"}],"curies":[{"name":"wp","href":"https:\/\/api.w.org\/{rel}","templated":true}]}}