{"id":111291,"date":"2021-02-15T14:01:24","date_gmt":"2021-02-15T19:01:24","guid":{"rendered":"https:\/\/linitiative.ca\/International\/presentation-de-la-plateforme-www-sma3li-com-dediee-aux-jeunes\/"},"modified":"2021-02-15T14:01:24","modified_gmt":"2021-02-15T19:01:24","slug":"presentation-de-la-plateforme-www-sma3li-com-dediee-aux-jeunes","status":"publish","type":"post","link":"https:\/\/linitiative.ca\/International\/presentation-de-la-plateforme-www-sma3li-com-dediee-aux-jeunes\/","title":{"rendered":"Pr\u00e9sentation de la plateforme \u00ab www.sma3li.com \u00bb d\u00e9di\u00e9e aux jeunes"},"content":{"rendered":"<div class=\"single-featured\"><img alt=\"\" data-src=\"http:\/\/www.mapoujda.ma\/map\/uploads\/2021\/02\/Pr\u00e9sentation-du-projet-Sma3li-750\u00d7430-DR.jpg\"\/><\/div>\n<div class=\"entry-content clearfix single-post-content\" readability=\"54\">\n<p class=\"c4\">L\u2019Association Tisseghnass pour la culture et le d\u00e9veloppement (ASTICUDE) a organis\u00e9, r\u00e9cemment \u00e0 Nador, une conf\u00e9rence pour la pr\u00e9sentation de la plateforme num\u00e9rique interactive \u00abwww.sma3li.com\u00bb, destin\u00e9e \u00e0 faire entendre la voix des jeunes sur diff\u00e9rents sujets d\u2019actualit\u00e9.<\/p>\n<p class=\"c4\">Cette plateforme est r\u00e9alis\u00e9e dans le cadre du projet \u00abSma3li\u00bb, s\u2019inscrivant dans le programme \u00abMoucharaka Mouwatina\u00bb financ\u00e9 par l\u2019Union europ\u00e9enne, avec pour objectif de contribuer \u00e0 cr\u00e9er un environnement favorisant la participation citoyenne des jeunes au niveau de la r\u00e9gion de l\u2019Oriental.<\/p>\n<p class=\"c4\">Le projet vise \u00e0 d\u00e9velopper et renforcer l\u2019engagement citoyen des jeunes des villes de Nador et de Zeghanghane et am\u00e9liorer leurs comp\u00e9tences, en vue d\u2019assurer la participation efficace des jeunes dans les processus de prise de d\u00e9cision.<\/p>\n<p class=\"c4\">La plateforme num\u00e9rique comprend des espaces virtuels d\u00e9di\u00e9s aux questions\/r\u00e9ponses, aux activit\u00e9s et aux plaidoyers ainsi qu\u2019une biblioth\u00e8que num\u00e9rique. Le projet porte aussi sur l\u2019organisation de webinaires et de caravanes de sensibilisation \u00e0 la participation citoyenne des jeunes.<\/p>\n<\/div>\n<p>Auteur: Soufiane ELAHMAR<br \/>\n<a href=\"http:\/\/www.mapoujda.ma\/fr\/presentation-de-la-plateforme-www-sma3li-com-dediee-aux-jeunes\/\">Cliquez ici pour lire l&rsquo;article depuis sa source.<\/a><\/p>\n","protected":false},"excerpt":{"rendered":"<p>L\u2019Association Tisseghnass pour la culture et le d\u00e9veloppement (ASTICUDE) a organis\u00e9, r\u00e9cemment \u00e0 Nador, une conf\u00e9rence pour la pr\u00e9sentation de la plateforme num\u00e9rique interactive \u00abwww.sma3li.com\u00bb, destin\u00e9e \u00e0 faire entendre la voix des jeunes sur diff\u00e9rents sujets d\u2019actualit\u00e9. Cette plateforme est r\u00e9alis\u00e9e dans le cadre du projet \u00abSma3li\u00bb, s\u2019inscrivant dans le programme \u00abMoucharaka Mouwatina\u00bb financ\u00e9 par [&hellip;]<\/p>\n","protected":false},"author":1788,"featured_media":0,"comment_status":"closed","ping_status":"closed","sticky":false,"template":"","format":"standard","meta":{"fifu_image_url":"http:\/\/www.mapoujda.ma\/map\/uploads\/2021\/02\/Pr\u00e9sentation-du-projet-Sma3li-750\u00d7430-DR.jpg","fifu_image_alt":"Pr\u00e9sentation de la plateforme \u00ab www.sma3li.com \u00bb d\u00e9di\u00e9e aux jeunes","footnotes":""},"categories":[54,76],"tags":[],"class_list":["post-111291","post","type-post","status-publish","format-standard","hentry","category-maroc","category-regions"],"_links":{"self":[{"href":"https:\/\/linitiative.ca\/International\/wp-json\/wp\/v2\/posts\/111291","targetHints":{"allow":["GET"]}}],"collection":[{"href":"https:\/\/linitiative.ca\/International\/wp-json\/wp\/v2\/posts"}],"about":[{"href":"https:\/\/linitiative.ca\/International\/wp-json\/wp\/v2\/types\/post"}],"author":[{"embeddable":true,"href":"https:\/\/linitiative.ca\/International\/wp-json\/wp\/v2\/users\/1788"}],"replies":[{"embeddable":true,"href":"https:\/\/linitiative.ca\/International\/wp-json\/wp\/v2\/comments?post=111291"}],"version-history":[{"count":0,"href":"https:\/\/linitiative.ca\/International\/wp-json\/wp\/v2\/posts\/111291\/revisions"}],"wp:attachment":[{"href":"https:\/\/linitiative.ca\/International\/wp-json\/wp\/v2\/media?parent=111291"}],"wp:term":[{"taxonomy":"category","embeddable":true,"href":"https:\/\/linitiative.ca\/International\/wp-json\/wp\/v2\/categories?post=111291"},{"taxonomy":"post_tag","embeddable":true,"href":"https:\/\/linitiative.ca\/International\/wp-json\/wp\/v2\/tags?post=111291"}],"curies":[{"name":"wp","href":"https:\/\/api.w.org\/{rel}","templated":true}]}}