{"id":111292,"date":"2021-02-15T14:09:24","date_gmt":"2021-02-15T19:09:24","guid":{"rendered":"https:\/\/linitiative.ca\/International\/lump-doujda-organise-la-premiere-saison-de-son-mooc\/"},"modified":"2021-02-15T14:09:24","modified_gmt":"2021-02-15T19:09:24","slug":"lump-doujda-organise-la-premiere-saison-de-son-mooc","status":"publish","type":"post","link":"https:\/\/linitiative.ca\/International\/lump-doujda-organise-la-premiere-saison-de-son-mooc\/","title":{"rendered":"L\u2019UMP d\u2019Oujda organise la premi\u00e8re saison de son MOOC"},"content":{"rendered":"<div class=\"single-featured\"><img alt=\"\" data-src=\"http:\/\/www.mapoujda.ma\/map\/uploads\/2020\/06\/webinaire-M750\u00d7430-MAP.jpg\"\/><\/div>\n<div class=\"entry-content clearfix single-post-content\" readability=\"49\">\n<p class=\"c4\">L\u2019Universit\u00e9 Mohammed Premier (UMP) d\u2019Oujda organise, du 15 f\u00e9vrier au 02 avril 2021 en collaboration avec l\u2019Universit\u00e9 de Mons (Belgique), la premi\u00e8re saison d\u2019un <span class=\"highlight\">MOOC<\/span> sur le th\u00e8me \u00abEvaluation des environnements num\u00e9riques pour l\u2019apprentissage humain\u00bb.<\/p>\n<p class=\"c4\">Ce cours ouvert en ligne vise \u00e0 apprendre \u00e0 \u00e9valuer les dispositifs de formation int\u00e9grant le num\u00e9rique, en particulier savoir analyser le niveau d\u2019apprentissage des apprenants et conna\u00eetre leur ressenti au sujet de ce type de formation, indique un document de l\u2019UMP.<\/p>\n<p class=\"c4\">Le <span class=\"highlight\">MOOC<\/span>, r\u00e9alis\u00e9 avec le soutien de l\u2019Agence universitaire de la francophonie (AUF) et Wallonie-Bruxelles International (WBI) permettra de d\u00e9couvrir diff\u00e9rentes d\u00e9marches pour r\u00e9aliser des \u00e9valuations d\u2019environnements interactifs pour l\u2019apprentissage, \u00e0 m\u00eame d\u2019aider \u00e0 prendre plus facilement du recul par rapport aux innovations p\u00e9dagogiques qui impliquent le num\u00e9rique.<\/p>\n<\/div>\n<p>Auteur: Soufiane ELAHMAR<br \/>\n<a href=\"http:\/\/www.mapoujda.ma\/fr\/lump-doujda-organise-la-premiere-saison-de-son-mooc\/\">Cliquez ici pour lire l&rsquo;article depuis sa source.<\/a><\/p>\n","protected":false},"excerpt":{"rendered":"<p>L\u2019Universit\u00e9 Mohammed Premier (UMP) d\u2019Oujda organise, du 15 f\u00e9vrier au 02 avril 2021 en collaboration avec l\u2019Universit\u00e9 de Mons (Belgique), la premi\u00e8re saison d\u2019un MOOC sur le th\u00e8me \u00abEvaluation des environnements num\u00e9riques pour l\u2019apprentissage humain\u00bb. Ce cours ouvert en ligne vise \u00e0 apprendre \u00e0 \u00e9valuer les dispositifs de formation int\u00e9grant le num\u00e9rique, en particulier savoir [&hellip;]<\/p>\n","protected":false},"author":1788,"featured_media":0,"comment_status":"closed","ping_status":"closed","sticky":false,"template":"","format":"standard","meta":{"fifu_image_url":"http:\/\/www.mapoujda.ma\/map\/uploads\/2020\/06\/webinaire-M750\u00d7430-MAP.jpg","fifu_image_alt":"L\u2019UMP d\u2019Oujda organise la premi\u00e8re saison de son MOOC","footnotes":""},"categories":[54,76],"tags":[],"class_list":["post-111292","post","type-post","status-publish","format-standard","hentry","category-maroc","category-regions"],"_links":{"self":[{"href":"https:\/\/linitiative.ca\/International\/wp-json\/wp\/v2\/posts\/111292","targetHints":{"allow":["GET"]}}],"collection":[{"href":"https:\/\/linitiative.ca\/International\/wp-json\/wp\/v2\/posts"}],"about":[{"href":"https:\/\/linitiative.ca\/International\/wp-json\/wp\/v2\/types\/post"}],"author":[{"embeddable":true,"href":"https:\/\/linitiative.ca\/International\/wp-json\/wp\/v2\/users\/1788"}],"replies":[{"embeddable":true,"href":"https:\/\/linitiative.ca\/International\/wp-json\/wp\/v2\/comments?post=111292"}],"version-history":[{"count":0,"href":"https:\/\/linitiative.ca\/International\/wp-json\/wp\/v2\/posts\/111292\/revisions"}],"wp:attachment":[{"href":"https:\/\/linitiative.ca\/International\/wp-json\/wp\/v2\/media?parent=111292"}],"wp:term":[{"taxonomy":"category","embeddable":true,"href":"https:\/\/linitiative.ca\/International\/wp-json\/wp\/v2\/categories?post=111292"},{"taxonomy":"post_tag","embeddable":true,"href":"https:\/\/linitiative.ca\/International\/wp-json\/wp\/v2\/tags?post=111292"}],"curies":[{"name":"wp","href":"https:\/\/api.w.org\/{rel}","templated":true}]}}