{"id":111294,"date":"2021-02-15T10:58:14","date_gmt":"2021-02-15T15:58:14","guid":{"rendered":"https:\/\/linitiative.ca\/International\/covid-19-les-mesures-restrictives-encore-prolongees\/"},"modified":"2021-02-15T10:58:14","modified_gmt":"2021-02-15T15:58:14","slug":"covid-19-les-mesures-restrictives-encore-prolongees","status":"publish","type":"post","link":"https:\/\/linitiative.ca\/International\/covid-19-les-mesures-restrictives-encore-prolongees\/","title":{"rendered":"Covid-19: Les mesures restrictives encore prolong\u00e9es"},"content":{"rendered":"<p>Le gouvernement a d\u00e9cid\u00e9 de prolonger de deux semaines, \u00e0 compter du mardi 16 f\u00e9vrier \u00e0 21H, les mesures de pr\u00e9caution adopt\u00e9es le 13 janvier dernier pour lutter contre le nouveau coronavirus (Covid-19).<\/p>\n<p>Dans un communiqu\u00e9, le gouvernement pr\u00e9cise que cette d\u00e9cision intervient sur la base des recommandations de la Commission scientifique et technique concernant la n\u00e9cessit\u00e9 de maintenir les mesures n\u00e9cessaires pour lutter contre le coronavirus.<\/p>\n<p>Auteur: hgueye<br \/>\n<a href=\"https:\/\/www.leconomiste.com\/flash-infos\/covid-19-les-mesures-restrictives-encore-prolongees\">Cliquez ici pour lire l&rsquo;article depuis sa source.<\/a><\/p>\n","protected":false},"excerpt":{"rendered":"<p>Le gouvernement a d\u00e9cid\u00e9 de prolonger de deux semaines, \u00e0 compter du mardi 16 f\u00e9vrier \u00e0 21H, les mesures de pr\u00e9caution adopt\u00e9es le 13 janvier dernier pour lutter contre le nouveau coronavirus (Covid-19). Dans un communiqu\u00e9, le gouvernement pr\u00e9cise que cette d\u00e9cision intervient sur la base des recommandations de la Commission scientifique et technique concernant [&hellip;]<\/p>\n","protected":false},"author":1763,"featured_media":0,"comment_status":"closed","ping_status":"closed","sticky":false,"template":"","format":"standard","meta":{"fifu_image_url":"","fifu_image_alt":"","footnotes":""},"categories":[78,54],"tags":[],"class_list":["post-111294","post","type-post","status-publish","format-standard","hentry","category-economie","category-maroc"],"_links":{"self":[{"href":"https:\/\/linitiative.ca\/International\/wp-json\/wp\/v2\/posts\/111294","targetHints":{"allow":["GET"]}}],"collection":[{"href":"https:\/\/linitiative.ca\/International\/wp-json\/wp\/v2\/posts"}],"about":[{"href":"https:\/\/linitiative.ca\/International\/wp-json\/wp\/v2\/types\/post"}],"author":[{"embeddable":true,"href":"https:\/\/linitiative.ca\/International\/wp-json\/wp\/v2\/users\/1763"}],"replies":[{"embeddable":true,"href":"https:\/\/linitiative.ca\/International\/wp-json\/wp\/v2\/comments?post=111294"}],"version-history":[{"count":0,"href":"https:\/\/linitiative.ca\/International\/wp-json\/wp\/v2\/posts\/111294\/revisions"}],"wp:attachment":[{"href":"https:\/\/linitiative.ca\/International\/wp-json\/wp\/v2\/media?parent=111294"}],"wp:term":[{"taxonomy":"category","embeddable":true,"href":"https:\/\/linitiative.ca\/International\/wp-json\/wp\/v2\/categories?post=111294"},{"taxonomy":"post_tag","embeddable":true,"href":"https:\/\/linitiative.ca\/International\/wp-json\/wp\/v2\/tags?post=111294"}],"curies":[{"name":"wp","href":"https:\/\/api.w.org\/{rel}","templated":true}]}}