{"id":111295,"date":"2021-02-15T11:42:54","date_gmt":"2021-02-15T16:42:54","guid":{"rendered":"https:\/\/linitiative.ca\/International\/iscae-guinee-le-dg-mustapha-bezzari-nest-plus\/"},"modified":"2021-02-15T11:42:54","modified_gmt":"2021-02-15T16:42:54","slug":"iscae-guinee-le-dg-mustapha-bezzari-nest-plus","status":"publish","type":"post","link":"https:\/\/linitiative.ca\/International\/iscae-guinee-le-dg-mustapha-bezzari-nest-plus\/","title":{"rendered":"ISCAE Guin\u00e9e: Le DG Mustapha Bezzari n&rsquo;est plus"},"content":{"rendered":"<p class=\"rtejustify\">Le Directeur du Groupe ISCAE Guin\u00e9e Mustapha Bezzari est d\u00e9c\u00e9d\u00e9 dimanche 14 f\u00e9vrier, indique l&rsquo;Institut. Ce professeur, form\u00e9 \u00e0 l&rsquo;Universit\u00e9 de Grenade et celle de Laval (Canada) a enseign\u00e9 \u00e0 l&rsquo;ISCAE pendant 26 ans. Il dirigeait l&rsquo;Institut \u00e0 Conakry depuis 2014.<\/p>\n<p class=\"rtejustify\">\u00ab\u00a0Le Groupe ISCAE salue la m\u00e9moire d\u2019un homme au d\u00e9vouement et \u00e0 l\u2019implication remarquables et tient \u00e0 souligner tout particuli\u00e8rement son action dans le d\u00e9veloppement de l\u2019ISCAE-Guin\u00e9e\u00a0\u00bb, indique le Groupe, qui pr\u00e9sente ses condol\u00e9ances \u00e0 la famille et aux proches du d\u00e9funt, aux \u00e9quipes p\u00e9dagogiques ainsi qu\u2019aux \u00e9tudiants de l\u2019ISCAE-Guin\u00e9e.<\/p>\n<p>Auteur: hgueye<br \/>\n<a href=\"https:\/\/www.leconomiste.com\/flash-infos\/iscae-guinee-le-dg-mustapha-bezzari-n-est-plus\">Cliquez ici pour lire l&rsquo;article depuis sa source.<\/a><\/p>\n","protected":false},"excerpt":{"rendered":"<p>Le Directeur du Groupe ISCAE Guin\u00e9e Mustapha Bezzari est d\u00e9c\u00e9d\u00e9 dimanche 14 f\u00e9vrier, indique l&rsquo;Institut. Ce professeur, form\u00e9 \u00e0 l&rsquo;Universit\u00e9 de Grenade et celle de Laval (Canada) a enseign\u00e9 \u00e0 l&rsquo;ISCAE pendant 26 ans. Il dirigeait l&rsquo;Institut \u00e0 Conakry depuis 2014. \u00ab\u00a0Le Groupe ISCAE salue la m\u00e9moire d\u2019un homme au d\u00e9vouement et \u00e0 l\u2019implication remarquables [&hellip;]<\/p>\n","protected":false},"author":1763,"featured_media":0,"comment_status":"closed","ping_status":"closed","sticky":false,"template":"","format":"standard","meta":{"fifu_image_url":"","fifu_image_alt":"","footnotes":""},"categories":[78,54],"tags":[],"class_list":["post-111295","post","type-post","status-publish","format-standard","hentry","category-economie","category-maroc"],"_links":{"self":[{"href":"https:\/\/linitiative.ca\/International\/wp-json\/wp\/v2\/posts\/111295","targetHints":{"allow":["GET"]}}],"collection":[{"href":"https:\/\/linitiative.ca\/International\/wp-json\/wp\/v2\/posts"}],"about":[{"href":"https:\/\/linitiative.ca\/International\/wp-json\/wp\/v2\/types\/post"}],"author":[{"embeddable":true,"href":"https:\/\/linitiative.ca\/International\/wp-json\/wp\/v2\/users\/1763"}],"replies":[{"embeddable":true,"href":"https:\/\/linitiative.ca\/International\/wp-json\/wp\/v2\/comments?post=111295"}],"version-history":[{"count":0,"href":"https:\/\/linitiative.ca\/International\/wp-json\/wp\/v2\/posts\/111295\/revisions"}],"wp:attachment":[{"href":"https:\/\/linitiative.ca\/International\/wp-json\/wp\/v2\/media?parent=111295"}],"wp:term":[{"taxonomy":"category","embeddable":true,"href":"https:\/\/linitiative.ca\/International\/wp-json\/wp\/v2\/categories?post=111295"},{"taxonomy":"post_tag","embeddable":true,"href":"https:\/\/linitiative.ca\/International\/wp-json\/wp\/v2\/tags?post=111295"}],"curies":[{"name":"wp","href":"https:\/\/api.w.org\/{rel}","templated":true}]}}