{"id":111296,"date":"2021-02-15T12:04:24","date_gmt":"2021-02-15T17:04:24","guid":{"rendered":"https:\/\/linitiative.ca\/International\/covid19-121-nouveaux-cas-14-morts-17-million-de-vaccines\/"},"modified":"2021-02-15T12:04:24","modified_gmt":"2021-02-15T17:04:24","slug":"covid19-121-nouveaux-cas-14-morts-17-million-de-vaccines","status":"publish","type":"post","link":"https:\/\/linitiative.ca\/International\/covid19-121-nouveaux-cas-14-morts-17-million-de-vaccines\/","title":{"rendered":"Covid19: 121 nouveaux cas, 14 morts, 1,7 million de vaccin\u00e9s"},"content":{"rendered":"<p class=\"rtejustify\">Le Maroc a enregistr\u00e9 <strong>121<\/strong> nouveaux cas de Covid19 durant les derni\u00e8res 24 heures, ce qui porte le total \u00e0\u00a0<strong>478.595<\/strong> cas confirm\u00e9s, d&rsquo;apr\u00e8s le nouveau bilan du minist\u00e8re de la Sant\u00e9 de ce lundi 15 f\u00e9vrier 2021. Le nombre de personnes vaccin\u00e9es se chiffre \u00e0 <strong>1.707.091<\/strong>, indique \u00e9galement le minist\u00e8re. Casablanca-Settat a enregistr\u00e9 31 nouveaux cas, alors que la r\u00e9gion de l&rsquo;Oriental en compte 29. Au total, <strong>4.367<\/strong> nouveaux tests ont \u00e9t\u00e9 r\u00e9alis\u00e9s.<\/p>\n<p class=\"rtejustify\">Quant au nombre de d\u00e9c\u00e8s, il s&rsquo;\u00e9tablit \u00e0 <strong>8.491<\/strong> , soit <strong>14<\/strong> morts de plus en 24 heures (taux de l\u00e9talit\u00e9 1,8%), alors que <strong>697<\/strong> nouvelles gu\u00e9risons ont \u00e9t\u00e9 recens\u00e9es, soit au total <strong>459.549<\/strong>\u00a0(taux de gu\u00e9rison 96%). Le nombre de cas encore actifs atteint <strong>10.555<\/strong>, dont <strong>467<\/strong> s\u00e9v\u00e8res. Parmi ces derniers, 41 sont sous intubation, alors\u00a0 que 262 sont sous ventilation non invasive. Par ailleurs, le taux d&rsquo;occupation des lits d\u00e9di\u00e9s au Covid-19 atteint 14,8%.<\/p>\n<blockquote readability=\"4.75\">\n<p class=\"rtejustify\"><strong>Pour plus de d\u00e9tails, voir l&rsquo;\u00e9volution en temps r\u00e9el de l&rsquo;\u00e9pid\u00e9mie sur <a href=\"https:\/\/www.leconomiste.com\/covid19\/\">https:\/\/www.leconomiste.com\/covid19\/<\/a><\/strong><\/p>\n<\/blockquote>\n<p>Auteur: hgueye<br \/>\n<a href=\"https:\/\/www.leconomiste.com\/flash-infos\/covid19-121-nouveaux-cas-au-maroc-14-morts-1-7-millions-de-vaccines\">Cliquez ici pour lire l&rsquo;article depuis sa source.<\/a><\/p>\n","protected":false},"excerpt":{"rendered":"<p>Le Maroc a enregistr\u00e9 121 nouveaux cas de Covid19 durant les derni\u00e8res 24 heures, ce qui porte le total \u00e0\u00a0478.595 cas confirm\u00e9s, d&rsquo;apr\u00e8s le nouveau bilan du minist\u00e8re de la Sant\u00e9 de ce lundi 15 f\u00e9vrier 2021. Le nombre de personnes vaccin\u00e9es se chiffre \u00e0 1.707.091, indique \u00e9galement le minist\u00e8re. Casablanca-Settat a enregistr\u00e9 31 nouveaux [&hellip;]<\/p>\n","protected":false},"author":1763,"featured_media":0,"comment_status":"closed","ping_status":"closed","sticky":false,"template":"","format":"standard","meta":{"fifu_image_url":"","fifu_image_alt":"","footnotes":""},"categories":[78,54],"tags":[],"class_list":["post-111296","post","type-post","status-publish","format-standard","hentry","category-economie","category-maroc"],"_links":{"self":[{"href":"https:\/\/linitiative.ca\/International\/wp-json\/wp\/v2\/posts\/111296","targetHints":{"allow":["GET"]}}],"collection":[{"href":"https:\/\/linitiative.ca\/International\/wp-json\/wp\/v2\/posts"}],"about":[{"href":"https:\/\/linitiative.ca\/International\/wp-json\/wp\/v2\/types\/post"}],"author":[{"embeddable":true,"href":"https:\/\/linitiative.ca\/International\/wp-json\/wp\/v2\/users\/1763"}],"replies":[{"embeddable":true,"href":"https:\/\/linitiative.ca\/International\/wp-json\/wp\/v2\/comments?post=111296"}],"version-history":[{"count":0,"href":"https:\/\/linitiative.ca\/International\/wp-json\/wp\/v2\/posts\/111296\/revisions"}],"wp:attachment":[{"href":"https:\/\/linitiative.ca\/International\/wp-json\/wp\/v2\/media?parent=111296"}],"wp:term":[{"taxonomy":"category","embeddable":true,"href":"https:\/\/linitiative.ca\/International\/wp-json\/wp\/v2\/categories?post=111296"},{"taxonomy":"post_tag","embeddable":true,"href":"https:\/\/linitiative.ca\/International\/wp-json\/wp\/v2\/tags?post=111296"}],"curies":[{"name":"wp","href":"https:\/\/api.w.org\/{rel}","templated":true}]}}