{"id":111297,"date":"2021-02-15T12:36:52","date_gmt":"2021-02-15T17:36:52","guid":{"rendered":"https:\/\/linitiative.ca\/International\/vaccin-plus-de-6-millions-de-doses-administrees-au-mena\/"},"modified":"2021-02-15T12:36:52","modified_gmt":"2021-02-15T17:36:52","slug":"vaccin-plus-de-6-millions-de-doses-administrees-au-mena","status":"publish","type":"post","link":"https:\/\/linitiative.ca\/International\/vaccin-plus-de-6-millions-de-doses-administrees-au-mena\/","title":{"rendered":"Vaccin: Plus de 6 millions de doses administr\u00e9es au MENA"},"content":{"rendered":"<p class=\"rtejustify\">Plus de six millions de doses de vaccins contre le coronavirus ont \u00e9t\u00e9 administr\u00e9es dans douze pays de l&rsquo;Afrique du Nord et du Moyen-Orient, a annonc\u00e9 lundi l&rsquo;Organisation mondiale de la Sant\u00e9.<\/p>\n<p class=\"rtejustify\">\u00ab\u00a0Jusqu&rsquo;\u00e0 pr\u00e9sent, plus de 6,3 millions de doses de vaccins contre le Covid-19 ont \u00e9t\u00e9 administr\u00e9es dans douze pays de la r\u00e9gion\u00a0\u00bb qui s&rsquo;\u00e9tend du Maroc au Pakistan, a indiqu\u00e9 Ahmed al-Mandhari, directeur du bureau r\u00e9gional de l&rsquo;OMS pour la M\u00e9diterran\u00e9e orientale, cit\u00e9 dans un communiqu\u00e9. Mais Isra\u00ebl, qui a d\u00e9j\u00e0 vaccin\u00e9 plus de 3,8 millions de personnes dont 2,4 millions ont re\u00e7u la seconde dose n\u00e9cessaire, n&rsquo;est pas inclus dans cette \u00e9tude.<\/p>\n<p class=\"rtejustify\">Le Maroc a enregistr\u00e9, lundi 15 f\u00e9vrier, 1,7 million\u00a0de personnes vaccin\u00e9es depuis le d\u00e9but de l&rsquo;op\u00e9ration, soit plus de 318.000 vaccin\u00e9es en 24 heures.<\/p>\n<p class=\"rtejustify\">L&rsquo;Arabie saoudite a entam\u00e9 sa campagne de vaccination d\u00e8s le 17 d\u00e9cembre en immunisant les personnes les plus vuln\u00e9rables, comme celles \u00e2g\u00e9es de plus de 65 ans. Le Maroc et l&rsquo;Egypte ont commenc\u00e9 fin janvier \u00e0 vacciner les plus de 17 ans pour l&rsquo;un et le personnel soignant pour l&rsquo;autre. Le Liban est devenu dimanche le dernier pays en date de cette zone \u00e0 lancer une campagne de vaccination.<\/p>\n<p class=\"rtejustify\"><em>Avec AFP<\/em><\/p>\n<p>Auteur: hgueye<br \/>\n<a href=\"https:\/\/www.leconomiste.com\/flash-infos\/vaccin-plus-de-6-millions-de-doses-administrees-au-mena\">Cliquez ici pour lire l&rsquo;article depuis sa source.<\/a><\/p>\n","protected":false},"excerpt":{"rendered":"<p>Plus de six millions de doses de vaccins contre le coronavirus ont \u00e9t\u00e9 administr\u00e9es dans douze pays de l&rsquo;Afrique du Nord et du Moyen-Orient, a annonc\u00e9 lundi l&rsquo;Organisation mondiale de la Sant\u00e9. \u00ab\u00a0Jusqu&rsquo;\u00e0 pr\u00e9sent, plus de 6,3 millions de doses de vaccins contre le Covid-19 ont \u00e9t\u00e9 administr\u00e9es dans douze pays de la r\u00e9gion\u00a0\u00bb qui [&hellip;]<\/p>\n","protected":false},"author":1763,"featured_media":0,"comment_status":"closed","ping_status":"closed","sticky":false,"template":"","format":"standard","meta":{"fifu_image_url":"","fifu_image_alt":"","footnotes":""},"categories":[78,54],"tags":[],"class_list":["post-111297","post","type-post","status-publish","format-standard","hentry","category-economie","category-maroc"],"_links":{"self":[{"href":"https:\/\/linitiative.ca\/International\/wp-json\/wp\/v2\/posts\/111297","targetHints":{"allow":["GET"]}}],"collection":[{"href":"https:\/\/linitiative.ca\/International\/wp-json\/wp\/v2\/posts"}],"about":[{"href":"https:\/\/linitiative.ca\/International\/wp-json\/wp\/v2\/types\/post"}],"author":[{"embeddable":true,"href":"https:\/\/linitiative.ca\/International\/wp-json\/wp\/v2\/users\/1763"}],"replies":[{"embeddable":true,"href":"https:\/\/linitiative.ca\/International\/wp-json\/wp\/v2\/comments?post=111297"}],"version-history":[{"count":0,"href":"https:\/\/linitiative.ca\/International\/wp-json\/wp\/v2\/posts\/111297\/revisions"}],"wp:attachment":[{"href":"https:\/\/linitiative.ca\/International\/wp-json\/wp\/v2\/media?parent=111297"}],"wp:term":[{"taxonomy":"category","embeddable":true,"href":"https:\/\/linitiative.ca\/International\/wp-json\/wp\/v2\/categories?post=111297"},{"taxonomy":"post_tag","embeddable":true,"href":"https:\/\/linitiative.ca\/International\/wp-json\/wp\/v2\/tags?post=111297"}],"curies":[{"name":"wp","href":"https:\/\/api.w.org\/{rel}","templated":true}]}}