{"id":111298,"date":"2021-02-15T10:30:00","date_gmt":"2021-02-15T15:30:00","guid":{"rendered":"https:\/\/linitiative.ca\/International\/les-roses-daujourdhui\/"},"modified":"2021-02-15T10:30:00","modified_gmt":"2021-02-15T15:30:00","slug":"les-roses-daujourdhui","status":"publish","type":"post","link":"https:\/\/linitiative.ca\/International\/les-roses-daujourdhui\/","title":{"rendered":"Les roses d\u2019aujourd\u2019hui"},"content":{"rendered":"<p class=\"p1 c3\"><span class=\"c2\"><strong>Le Temps-Lotfi BEN KHELIFA<\/strong><\/span><\/p>\n<p class=\"p1 c3\"><span class=\"c2\"><strong>C\u2019est dr\u00f4le ce que toutes les jeunes filles et les femmes qui passent sur toutes nos cha\u00eenes t\u00e9l\u00e9 \u00e9tatiques et priv\u00e9es se ressemblent aux niveaux de leur visage<span class=\"Apple-converted-space\">\u00a0<\/span> et de leur coiffure. Ne faut-il pas se rappeler que le c\u00f4t\u00e9 esth\u00e9tique compte beaucoup dans une image ? Mais pas \u00e0 ce point.<\/strong><\/span><\/p>\n<p class=\"p2 c4\"><span class=\"c2\"><span class=\"Apple-converted-space\">\u00a0<\/span>Ce qui frappe d\u2018embl\u00e9e et m\u00eame apr\u00e8s v\u00e9rification, c\u2019est que nos belles demoiselles et femmes ne paraissent pas sur le petit \u00e9cran telles qu\u2019elles sont dans la vie. On se frotte les yeux. On n\u2019arrive pas parfois \u00e0 les reconna\u00eetre. On a de la peine \u00e0 y croire et pourtant tout est vrai ! Au niveau de l\u2019accumulation, bien \u00e9videmment, des proth\u00e8ses dentaires, des perruques en toutes couleurs, des faux cils, sans parler des transformations du visage r\u00e9sultants de l\u2019usage du Botox dans le traitement des rides ! Mais pourquoi, bon Dieu, l\u2019\u00eatre ne rime-t-il<span class=\"Apple-converted-space\">\u00a0<\/span> pas avec le para\u00eetre ? L\u2019\u00e9preuve est dure et il faudra absolument faire en sorte<span class=\"Apple-converted-space\">\u00a0<\/span> qu\u2019on soit impeccable, quitte \u00e0 mettre tous les artifices possibles pour para\u00eetre encore plus belle ! Ne faudrait-il pas uniquement passer au salon de coiffure pour se contenter d\u2019un l\u00e9ger maquillage indispensable pour passer \u00e0 la t\u00e9l\u00e9 ? Les femmes de la t\u00e9l\u00e9 s\u2019obstinent \u00e0 ne pas s\u2019accepter telles que cr\u00e9es. Elles se refont de nouveaux visages et cheveux, si bien qu\u2019on est avis\u00e9s qu\u2019on ne doit pas<span class=\"Apple-converted-space\">\u00a0<\/span> ne pas<span class=\"Apple-converted-space\">\u00a0<\/span> les toucher. Sinon, tout pourrait dispara\u00eetre !<span class=\"Apple-converted-space\">\u00a0<\/span> Et dans sa chanson : \u00ab Quand les roses \u00bb, Adamo dit, en substance : \u00ab Mais les roses d\u2019aujourd\u2019hui sont artificielles. \u00bb On ne voudrait pas que toutes les productrices, animatrices ou journalistes que nous voyons dans des programmes en direct ou enregistr\u00e9s, ne soient pas m\u00e9connaissables et pas du tout artificielles. Car elles ne ressembleraient plus \u00e0 elles-m\u00eames ! <span class=\"Apple-converted-space\">\u00a0<\/span><\/span><\/p>\n<p class=\"p3 c5\"><span class=\"c2\"><strong>L.B.K<\/strong><\/span><\/p>\n<p>Auteur: letemps1<br \/>\n<a href=\"http:\/\/www.letemps.com.tn\/article\/119275\/les-roses-d%E2%80%99aujourd%E2%80%99hui\">Cliquez ici pour lire l&rsquo;article depuis sa source.<\/a><\/p>\n","protected":false},"excerpt":{"rendered":"<p>Le Temps-Lotfi BEN KHELIFA C\u2019est dr\u00f4le ce que toutes les jeunes filles et les femmes qui passent sur toutes nos cha\u00eenes t\u00e9l\u00e9 \u00e9tatiques et priv\u00e9es se ressemblent aux niveaux de leur visage\u00a0 et de leur coiffure. Ne faut-il pas se rappeler que le c\u00f4t\u00e9 esth\u00e9tique compte beaucoup dans une image ? Mais pas \u00e0 ce [&hellip;]<\/p>\n","protected":false},"author":1773,"featured_media":0,"comment_status":"closed","ping_status":"closed","sticky":false,"template":"","format":"standard","meta":{"fifu_image_url":"","fifu_image_alt":"","footnotes":""},"categories":[73,55],"tags":[],"class_list":["post-111298","post","type-post","status-publish","format-standard","hentry","category-actualite","category-tunisie"],"_links":{"self":[{"href":"https:\/\/linitiative.ca\/International\/wp-json\/wp\/v2\/posts\/111298","targetHints":{"allow":["GET"]}}],"collection":[{"href":"https:\/\/linitiative.ca\/International\/wp-json\/wp\/v2\/posts"}],"about":[{"href":"https:\/\/linitiative.ca\/International\/wp-json\/wp\/v2\/types\/post"}],"author":[{"embeddable":true,"href":"https:\/\/linitiative.ca\/International\/wp-json\/wp\/v2\/users\/1773"}],"replies":[{"embeddable":true,"href":"https:\/\/linitiative.ca\/International\/wp-json\/wp\/v2\/comments?post=111298"}],"version-history":[{"count":0,"href":"https:\/\/linitiative.ca\/International\/wp-json\/wp\/v2\/posts\/111298\/revisions"}],"wp:attachment":[{"href":"https:\/\/linitiative.ca\/International\/wp-json\/wp\/v2\/media?parent=111298"}],"wp:term":[{"taxonomy":"category","embeddable":true,"href":"https:\/\/linitiative.ca\/International\/wp-json\/wp\/v2\/categories?post=111298"},{"taxonomy":"post_tag","embeddable":true,"href":"https:\/\/linitiative.ca\/International\/wp-json\/wp\/v2\/tags?post=111298"}],"curies":[{"name":"wp","href":"https:\/\/api.w.org\/{rel}","templated":true}]}}