{"id":111299,"date":"2021-02-15T10:30:00","date_gmt":"2021-02-15T15:30:00","guid":{"rendered":"https:\/\/linitiative.ca\/International\/mario-draghi-prete-serment-pour-diriger-litalie\/"},"modified":"2021-02-15T10:30:00","modified_gmt":"2021-02-15T15:30:00","slug":"mario-draghi-prete-serment-pour-diriger-litalie","status":"publish","type":"post","link":"https:\/\/linitiative.ca\/International\/mario-draghi-prete-serment-pour-diriger-litalie\/","title":{"rendered":"Mario Draghi pr\u00eate serment pour diriger l&rsquo;Italie"},"content":{"rendered":"<p class=\"p1 c3\"><span class=\"c2\"><strong>Le Temps- Agences- Mario Draghi a pr\u00eat\u00e9 serment hier apr\u00e8s s&rsquo;\u00eatre assur\u00e9 la veille une large majorit\u00e9 parlementaire et avoir pr\u00e9sent\u00e9 son gouvernement, avec comme mission de sortir l&rsquo;Italie des crises politique et sanitaire.<\/strong><\/span><\/p>\n<p class=\"p1 c4\"><span class=\"c2\">M. Draghi, surnomm\u00e9 \u00ab\u00a0Super Mario\u00a0\u00bb pour son r\u00f4le dans la crise de la dette de la zone euro en 2012, se pr\u00e9sentera devant le S\u00e9nat mercredi puis jeudi devant la Chambre des d\u00e9put\u00e9s pour le vote de confiance qui donnera la l\u00e9gitimit\u00e9 d\u00e9finitive \u00e0 son gouvernement.<\/span><\/p>\n<p class=\"p1 c4\"><span class=\"c2\">L&rsquo;ex-pr\u00e9sident de la Banque centrale europ\u00e9enne (BCE), choisi par le pr\u00e9sident de la R\u00e9publique Sergio Mattarella pour succ\u00e9der \u00e0 Giuseppe Conte, contraint \u00e0 la d\u00e9mission apr\u00e8s l&rsquo;\u00e9clatement de sa coalition, a choisi un homme de confiance, Daniele Franco, pour le minist\u00e8re-cl\u00e9 de l&rsquo;Economie.<\/span><\/p>\n<p class=\"p1 c4\"><span class=\"c2\">M. Franco, 67 ans, consid\u00e9r\u00e9 comme l&rsquo;un des meilleurs experts des finances publiques de la p\u00e9ninsule, a fait l&rsquo;essentiel de sa carri\u00e8re au sein de la Banque d&rsquo;Italie, dont M. Draghi \u00e9tait gouverneur, jusqu&rsquo;\u00e0 en devenir le num\u00e9ro deux d\u00e9but 2020.<\/span><\/p>\n<p class=\"p1 c4\"><span class=\"c2\">a cependant jou\u00e9 la continuit\u00e9 sur plusieurs autres postes importants: il a ainsi confirm\u00e9 Luigi Di Maio, haut responsable du Mouvement populiste 5 Etoiles (M5S), au poste de ministre des Affaires \u00e9trang\u00e8res, la technocrate Luciana Lamorgese \u00e0 celui de ministre de l&rsquo;Int\u00e9rieur et Roberto Speranza, du petit parti de gauche LEU, \u00e0 la Sant\u00e9.<\/span><\/p>\n<p class=\"p1 c4\"><span class=\"c2\">Le nouveau chef du gouvernement a habilement m\u00eal\u00e9 technocrates et responsables politiques, choisissant des personnalit\u00e9s comp\u00e9tentes dans tous les partis lui ayant offert leur soutien, sans faire appel cependant aux leaders.<\/span><\/p>\n<p class=\"p1 c4\"><span class=\"c2\">Il a annonc\u00e9 \u00e9galement la prochaine cr\u00e9ation d&rsquo;un \u00ab\u00a0super-minist\u00e8re\u00a0\u00bb de la Transition \u00e9cologique qui sera dirig\u00e9 par un physicien de renom, Roberto Cingolani, responsable depuis septembre 2019 de l&rsquo;innovation technologique chez le g\u00e9ant italien de l&rsquo;a\u00e9ronautique Leonardo.<\/span><\/p>\n<p class=\"p1 c4\"><span class=\"c2\">Depuis que M. Mattarella avait fait appel \u00e0 lui le 3 f\u00e9vrier, Mario Draghi a men\u00e9 des entretiens tous azimuts avec les partis politiques repr\u00e9sent\u00e9s au parlement, qui lui ont permis de former un attelage h\u00e9t\u00e9roclite allant du Parti d\u00e9mocrate (PD, centre-gauche) \u00e0 la Ligue d&rsquo;extr\u00eame droite de Matteo Salvini en passant par le parti de droite Forza Italia de Silvio Berlusconi.<\/span><\/p>\n<p class=\"p1 c4\"><span class=\"c2\">Jeudi, in extremis, l&rsquo;inclassable Mouvement 5 Etoiles (M5S), antisyst\u00e8me jusqu&rsquo;\u00e0 son arriv\u00e9e au pouvoir, avait donn\u00e9 lui aussi son feu vert, faisant ainsi tomber le dernier obstacle \u00e0 un gouvernement d&rsquo;union nationale.<\/span><\/p>\n<p class=\"p1 c4\"><span class=\"c2\">Les difficult\u00e9s ne font cependant que commencer pour cet Italien affable de 73 ans r\u00e9put\u00e9 pour sa discr\u00e9tion, son s\u00e9rieux et sa d\u00e9termination.<\/span><\/p>\n<p class=\"p1 c4\"><span class=\"c2\">L&rsquo;Italie, qui approche de la barre des 100.000 morts dus au Covid, a enregistr\u00e9 en 2020 l&rsquo;une des pires chutes du PIB de la zone euro, avec un plongeon de 8,9%. La troisi\u00e8me \u00e9conomie de la zone compte beaucoup sur la manne de plus de 200 milliards de fonds europ\u00e9ens, conditionn\u00e9e \u00e0 la pr\u00e9sentation \u00e0 Bruxelles d&rsquo;ici fin avril d&rsquo;un plan d\u00e9taill\u00e9 de d\u00e9penses.<\/span><\/p>\n<p class=\"p1 c4\"><span class=\"c2\">\u00ab\u00a0Mais il ne suffit pas de d\u00e9penser les fonds. La Commission europ\u00e9enne s&rsquo;attend \u00e0 ce que les d\u00e9penses aillent de pair avec les r\u00e9formes\u00a0\u00bb, selon une analyse du Centre pour une r\u00e9forme europ\u00e9enne (CER).<\/span><\/p>\n<p class=\"p1 c4\"><span class=\"c2\">En t\u00eate des priorit\u00e9s figure aussi l&rsquo;acc\u00e9l\u00e9ration de la campagne vaccinale, affect\u00e9e comme dans les autres pays europ\u00e9ens par des lenteurs d&rsquo;approvisionnement. Seulement 1,2 million d&rsquo;Italiens sur 60 millions ont \u00e9t\u00e9 vaccin\u00e9s.<\/span><\/p>\n<p class=\"p1 c3\">\u00a0<\/p>\n<p class=\"p1 c4\"><span class=\"c2\">M\u00eame s&rsquo;il b\u00e9n\u00e9ficie pour l&rsquo;instant de son aura de \u00ab\u00a0sauveur de la nation\u00a0\u00bb, cet homme aux cheveux poivre et sel form\u00e9 chez les j\u00e9suites, dont l&rsquo;arriv\u00e9e a r\u00e9joui les march\u00e9s financiers, devra faire preuve de beaucoup d&rsquo;habilet\u00e9 pour rester en selle sur le long terme face \u00e0 des partis politiques qui devraient s&rsquo;agiter de plus en plus \u00e0 l&rsquo;approche des prochaines \u00e9lections, pr\u00e9vues en 2023.<\/span><\/p>\n<p>Auteur: letemps1<br \/>\n<a href=\"http:\/\/www.letemps.com.tn\/article\/119276\/mario-draghi-pr%C3%AAte-serment-pour-diriger-litalie\">Cliquez ici pour lire l&rsquo;article depuis sa source.<\/a><\/p>\n","protected":false},"excerpt":{"rendered":"<p>Le Temps- Agences- Mario Draghi a pr\u00eat\u00e9 serment hier apr\u00e8s s&rsquo;\u00eatre assur\u00e9 la veille une large majorit\u00e9 parlementaire et avoir pr\u00e9sent\u00e9 son gouvernement, avec comme mission de sortir l&rsquo;Italie des crises politique et sanitaire. M. Draghi, surnomm\u00e9 \u00ab\u00a0Super Mario\u00a0\u00bb pour son r\u00f4le dans la crise de la dette de la zone euro en 2012, se [&hellip;]<\/p>\n","protected":false},"author":1773,"featured_media":0,"comment_status":"closed","ping_status":"closed","sticky":false,"template":"","format":"standard","meta":{"fifu_image_url":"","fifu_image_alt":"","footnotes":""},"categories":[73,55],"tags":[],"class_list":["post-111299","post","type-post","status-publish","format-standard","hentry","category-actualite","category-tunisie"],"_links":{"self":[{"href":"https:\/\/linitiative.ca\/International\/wp-json\/wp\/v2\/posts\/111299","targetHints":{"allow":["GET"]}}],"collection":[{"href":"https:\/\/linitiative.ca\/International\/wp-json\/wp\/v2\/posts"}],"about":[{"href":"https:\/\/linitiative.ca\/International\/wp-json\/wp\/v2\/types\/post"}],"author":[{"embeddable":true,"href":"https:\/\/linitiative.ca\/International\/wp-json\/wp\/v2\/users\/1773"}],"replies":[{"embeddable":true,"href":"https:\/\/linitiative.ca\/International\/wp-json\/wp\/v2\/comments?post=111299"}],"version-history":[{"count":0,"href":"https:\/\/linitiative.ca\/International\/wp-json\/wp\/v2\/posts\/111299\/revisions"}],"wp:attachment":[{"href":"https:\/\/linitiative.ca\/International\/wp-json\/wp\/v2\/media?parent=111299"}],"wp:term":[{"taxonomy":"category","embeddable":true,"href":"https:\/\/linitiative.ca\/International\/wp-json\/wp\/v2\/categories?post=111299"},{"taxonomy":"post_tag","embeddable":true,"href":"https:\/\/linitiative.ca\/International\/wp-json\/wp\/v2\/tags?post=111299"}],"curies":[{"name":"wp","href":"https:\/\/api.w.org\/{rel}","templated":true}]}}