{"id":111300,"date":"2021-02-15T10:30:00","date_gmt":"2021-02-15T15:30:00","guid":{"rendered":"https:\/\/linitiative.ca\/International\/le-programme-nucleaire-une-priorite-pour-les-usa\/"},"modified":"2021-02-15T10:30:00","modified_gmt":"2021-02-15T15:30:00","slug":"le-programme-nucleaire-une-priorite-pour-les-usa","status":"publish","type":"post","link":"https:\/\/linitiative.ca\/International\/le-programme-nucleaire-une-priorite-pour-les-usa\/","title":{"rendered":"Le programme nucl\u00e9aire, une priorit\u00e9 pour les USA"},"content":{"rendered":"<p class=\"p1 c3\"><span class=\"c2\">Les programmes nucl\u00e9aires et de missiles balistiques de la Cor\u00e9e du Nord repr\u00e9sentent une priorit\u00e9 absolue pour Washington, qui reste d\u00e9termin\u00e9e \u00e0 ce que le pays soit d\u00e9nucl\u00e9aris\u00e9, annonce le d\u00e9partement d&rsquo;Etat am\u00e9ricain.<\/span><\/p>\n<p class=\"p1 c3\"><span class=\"c2\">La Cor\u00e9e du Nord a continu\u00e9 \u00e0 d\u00e9velopper ses programmes nucl\u00e9aires et de missiles ces derni\u00e8res ann\u00e9es, \u00ab\u00a0ce qui en fait une priorit\u00e9 absolue pour les Etats-Unis que nous approcherons avec nos partenaires et nos alli\u00e9s\u00a0\u00bb, a d\u00e9clar\u00e9 Ned Price, porte-parole du d\u00e9partement d&rsquo;Etat.<\/span><\/p>\n<p class=\"p1 c3\"><span class=\"c2\">L&rsquo;administration Biden a dit mener une \u00e9valuation des politiques nord-cor\u00e9ennes en coop\u00e9rant avec ses alli\u00e9s, particuli\u00e8rement la Cor\u00e9e du Sud et le Japon.<\/span><\/p>\n<p class=\"p1 c3\"><span class=\"c2\">Selon un rapport confidentiel des Nations unies consult\u00e9 par Reuters, la Cor\u00e9e du Nord a entretenu et d\u00e9velopp\u00e9 ses programmes nucl\u00e9aire et balistique en 2020, en violation des sanctions internationales.<\/span><\/p>\n<p class=\"p1 c3\"><span class=\"c2\">Durant sa campagne \u00e9lectorale, Joe Biden a qualifi\u00e9 Kim Jong-un de \u00ab\u00a0voyou\u00a0\u00bb et a d\u00e9clar\u00e9 qu&rsquo;il ne le rencontrerait \u00ab\u00a0qu&rsquo;\u00e0 la condition qu&rsquo;il accepte de r\u00e9duire sa capacit\u00e9 nucl\u00e9aire.\u00a0\u00bb<\/span><\/p>\n<p>Auteur: letemps1<br \/>\n<a href=\"http:\/\/www.letemps.com.tn\/article\/119277\/le-programme-nucl%C3%A9aire-une-priorit%C3%A9-pour-les-usa\">Cliquez ici pour lire l&rsquo;article depuis sa source.<\/a><\/p>\n","protected":false},"excerpt":{"rendered":"<p>Les programmes nucl\u00e9aires et de missiles balistiques de la Cor\u00e9e du Nord repr\u00e9sentent une priorit\u00e9 absolue pour Washington, qui reste d\u00e9termin\u00e9e \u00e0 ce que le pays soit d\u00e9nucl\u00e9aris\u00e9, annonce le d\u00e9partement d&rsquo;Etat am\u00e9ricain. La Cor\u00e9e du Nord a continu\u00e9 \u00e0 d\u00e9velopper ses programmes nucl\u00e9aires et de missiles ces derni\u00e8res ann\u00e9es, \u00ab\u00a0ce qui en fait une [&hellip;]<\/p>\n","protected":false},"author":1773,"featured_media":0,"comment_status":"closed","ping_status":"closed","sticky":false,"template":"","format":"standard","meta":{"fifu_image_url":"","fifu_image_alt":"","footnotes":""},"categories":[73,55],"tags":[],"class_list":["post-111300","post","type-post","status-publish","format-standard","hentry","category-actualite","category-tunisie"],"_links":{"self":[{"href":"https:\/\/linitiative.ca\/International\/wp-json\/wp\/v2\/posts\/111300","targetHints":{"allow":["GET"]}}],"collection":[{"href":"https:\/\/linitiative.ca\/International\/wp-json\/wp\/v2\/posts"}],"about":[{"href":"https:\/\/linitiative.ca\/International\/wp-json\/wp\/v2\/types\/post"}],"author":[{"embeddable":true,"href":"https:\/\/linitiative.ca\/International\/wp-json\/wp\/v2\/users\/1773"}],"replies":[{"embeddable":true,"href":"https:\/\/linitiative.ca\/International\/wp-json\/wp\/v2\/comments?post=111300"}],"version-history":[{"count":0,"href":"https:\/\/linitiative.ca\/International\/wp-json\/wp\/v2\/posts\/111300\/revisions"}],"wp:attachment":[{"href":"https:\/\/linitiative.ca\/International\/wp-json\/wp\/v2\/media?parent=111300"}],"wp:term":[{"taxonomy":"category","embeddable":true,"href":"https:\/\/linitiative.ca\/International\/wp-json\/wp\/v2\/categories?post=111300"},{"taxonomy":"post_tag","embeddable":true,"href":"https:\/\/linitiative.ca\/International\/wp-json\/wp\/v2\/tags?post=111300"}],"curies":[{"name":"wp","href":"https:\/\/api.w.org\/{rel}","templated":true}]}}