{"id":111301,"date":"2021-02-15T10:30:00","date_gmt":"2021-02-15T15:30:00","guid":{"rendered":"https:\/\/linitiative.ca\/International\/les-avocats-denoncent-une-procedure-guidee-par-la-haine\/"},"modified":"2021-02-15T10:30:00","modified_gmt":"2021-02-15T15:30:00","slug":"les-avocats-denoncent-une-procedure-guidee-par-la-haine","status":"publish","type":"post","link":"https:\/\/linitiative.ca\/International\/les-avocats-denoncent-une-procedure-guidee-par-la-haine\/","title":{"rendered":"Les avocats d\u00e9noncent  une proc\u00e9dure \u00abguid\u00e9e par la haine\u00bb"},"content":{"rendered":"<p class=\"p1 c4\"><span class=\"c3\"><strong><span class=\"s1 c2\">Le Temps- Agences-<\/span> Les s\u00e9nateurs devaient se retrouver hier matin pour la suite du proc\u00e8s Trump. Un vote sur la culpabilit\u00e9 de l\u2019ancien pr\u00e9sident pourrait avoir lieu dans la journ\u00e9e. Il est accus\u00e9 d\u2019incitation \u00e0 l\u2019insurrection Ses avocats ont plaid\u00e9. Ils ont d\u00e9nonc\u00e9 une proc\u00e9dure anti-constitutionnelle et r\u00e9fut\u00e9 toute implication de Donald Trump dans les \u00e9meutes qui ont eu lieu au Congr\u00e8s le 6 janvier.<\/strong><\/span><\/p>\n<p class=\"p1 c5\"><span class=\"c3\">\u00ab Cette mise en accusation qui est devant le S\u00e9nat est de mani\u00e8re flagrante un acte de vengeance politique anti-constitutionnel \u00bb tonne Michael Van der Veen. Et l\u2019avocat de Donald Trump de d\u00e9noncer un proc\u00e8s guid\u00e9 par la haine de son client.<\/span><\/p>\n<p class=\"p1 c5\"><span class=\"c3\">\u00ab Ce proc\u00e8s malheureusement porte sur la haine politique. Il est devenu tr\u00e8s clair que les repr\u00e9sentants d\u00e9mocrates ha\u00efssent Donald Trump. Ce genre de haine politique n\u2019a aucune place dans nos institutions politiques et certainement aucune place dans la loi. La haine est au c\u0153ur de la tentative futile des procureurs d\u00e9mocrates pour rendre Donald Trump responsable des actes criminels des \u00e9meutiers, sur la base de ou\u00ef-dires venus de groupes d\u2019extr\u00eame droite, sur la base d\u2019aucune preuve r\u00e9elle autres que de pures sp\u00e9culations. La haine est une chose dangereuse. La haine ne devrait avoir aucune place dans cet h\u00e9micycle, dans cette proc\u00e9dure. \u00bb<\/span><\/p>\n<p class=\"p1 c5\"><span class=\"c3\">L\u2019avocat accuse les d\u00e9mocrates d\u2019avoir manipul\u00e9 les vid\u00e9os et tronqu\u00e9 les discours de Donald Trump. \u00ab Cette haine a conduit les procureurs de la chambre \u00e0 manipuler et \u00e0 monter les discours de monsieur Trump de mani\u00e8re \u00e0 faire faussement apparaitre qu\u2019il a cherch\u00e9 \u00e0 inciter la foule \u00e0 attaquer violemment le capitole. \u00bb Mais il ne se prive pas d\u2019employer la m\u00eame m\u00e9thode. Et diffuse notamment un montage o\u00f9 l\u2019on voit des \u00e9lus d\u00e9mocrates r\u00e9p\u00e9ter le mot \u00ab fight \u00bb combat, ce mot reproch\u00e9 \u00e0 Donald Trump dans son discours du 6 janvier.<\/span><\/p>\n<p class=\"p1 c5\"><span class=\"c3\">Un autre avocat conclut la plaidoirie. \u00ab Ce proc\u00e8s va bien au-del\u00e0 de Donald Trump, il vise \u00e0 criminaliser les points de vue politiques \u00bb, ass\u00e8ne Bruce Castor et d\u2019ajouter : \u00ab Soyons clairs : ce proc\u00e8s va bien au-del\u00e0 du pr\u00e9sident Trump. Ce proc\u00e8s vise \u00e0 faire taire et \u00e0 interdire le discours avec lequel la majorit\u00e9 n\u2019est pas d\u2019accord. Il s\u2019agit d\u2019annuler les 75 millions d\u2019\u00e9lecteurs de Donald Trump, et de criminaliser les points de vue politiques. C\u2019est l\u00e0-dessus que porte vraiment ce proc\u00e8s. C\u2019est le seul probl\u00e8me existentiel qui est devant nous. Il s\u2019agit de la prise de pouvoir de la cancel culture constitutionnelle au S\u00e9nat des Etats-Unis. \u00bb<\/span><\/p>\n<p class=\"p1 c4\">\u00a0<\/p>\n<p class=\"p1 c5\"><span class=\"c3\">Mais la d\u00e9fense de Donald Trump n\u2019a pas su r\u00e9pondre \u00e0 cette question pourtant essentielle : \u00e0 quelle heure l\u2019ancien pr\u00e9sident am\u00e9ricain a-t-il \u00e9t\u00e9 inform\u00e9 de l\u2019intrusion des \u00e9meutiers dans le Congr\u00e8s ? Et qu\u2019a-t-il fait pour les en emp\u00eacher ?<\/span><\/p>\n<p>Auteur: letemps1<br \/>\n<a href=\"http:\/\/www.letemps.com.tn\/article\/119278\/les-avocats-d%C3%A9noncent-une-proc%C3%A9dure-%C2%ABguid%C3%A9e-par-la-haine%C2%BB\">Cliquez ici pour lire l&rsquo;article depuis sa source.<\/a><\/p>\n","protected":false},"excerpt":{"rendered":"<p>Le Temps- Agences- Les s\u00e9nateurs devaient se retrouver hier matin pour la suite du proc\u00e8s Trump. Un vote sur la culpabilit\u00e9 de l\u2019ancien pr\u00e9sident pourrait avoir lieu dans la journ\u00e9e. Il est accus\u00e9 d\u2019incitation \u00e0 l\u2019insurrection Ses avocats ont plaid\u00e9. Ils ont d\u00e9nonc\u00e9 une proc\u00e9dure anti-constitutionnelle et r\u00e9fut\u00e9 toute implication de Donald Trump dans les [&hellip;]<\/p>\n","protected":false},"author":1773,"featured_media":0,"comment_status":"closed","ping_status":"closed","sticky":false,"template":"","format":"standard","meta":{"fifu_image_url":"","fifu_image_alt":"","footnotes":""},"categories":[73,55],"tags":[],"class_list":["post-111301","post","type-post","status-publish","format-standard","hentry","category-actualite","category-tunisie"],"_links":{"self":[{"href":"https:\/\/linitiative.ca\/International\/wp-json\/wp\/v2\/posts\/111301","targetHints":{"allow":["GET"]}}],"collection":[{"href":"https:\/\/linitiative.ca\/International\/wp-json\/wp\/v2\/posts"}],"about":[{"href":"https:\/\/linitiative.ca\/International\/wp-json\/wp\/v2\/types\/post"}],"author":[{"embeddable":true,"href":"https:\/\/linitiative.ca\/International\/wp-json\/wp\/v2\/users\/1773"}],"replies":[{"embeddable":true,"href":"https:\/\/linitiative.ca\/International\/wp-json\/wp\/v2\/comments?post=111301"}],"version-history":[{"count":0,"href":"https:\/\/linitiative.ca\/International\/wp-json\/wp\/v2\/posts\/111301\/revisions"}],"wp:attachment":[{"href":"https:\/\/linitiative.ca\/International\/wp-json\/wp\/v2\/media?parent=111301"}],"wp:term":[{"taxonomy":"category","embeddable":true,"href":"https:\/\/linitiative.ca\/International\/wp-json\/wp\/v2\/categories?post=111301"},{"taxonomy":"post_tag","embeddable":true,"href":"https:\/\/linitiative.ca\/International\/wp-json\/wp\/v2\/tags?post=111301"}],"curies":[{"name":"wp","href":"https:\/\/api.w.org\/{rel}","templated":true}]}}