{"id":111302,"date":"2021-02-15T10:30:00","date_gmt":"2021-02-15T15:30:00","guid":{"rendered":"https:\/\/linitiative.ca\/International\/beaucoup-dinterrogations-sur-lorigine-du-virus\/"},"modified":"2021-02-15T10:30:00","modified_gmt":"2021-02-15T15:30:00","slug":"beaucoup-dinterrogations-sur-lorigine-du-virus","status":"publish","type":"post","link":"https:\/\/linitiative.ca\/International\/beaucoup-dinterrogations-sur-lorigine-du-virus\/","title":{"rendered":"Beaucoup d\u2019interrogations sur l&rsquo;origine du virus"},"content":{"rendered":"<p class=\"p1 c3\"><span class=\"c2\">Le Temps- Agences- Toujours beaucoup de questions sur l&rsquo;origine du Covid-19, reconnait le patron de l&rsquo;OMS, l&rsquo;organisation mondiale de la sant\u00e9. De nombreux pays s&rsquo;inqui\u00e8tent de la progression rapide des variants de ce virus.<\/span><\/p>\n<p class=\"p1 c3\"><span class=\"c2\">Les experts de l&rsquo;Organisation mondiale de la Sant\u00e9 (OMS) sont revenus \u00e0 Gen\u00e8ve apr\u00e8s leur s\u00e9jour \u00e0 Wuhan en Chine, \u00e9picentre de l&rsquo;\u00e9pid\u00e9mie.<\/span><\/p>\n<p class=\"p1 c3\"><span class=\"c2\">Leurs investigations semblent \u00e9carter l&rsquo;hypoth\u00e8se selon laquelle le virus se serait \u00e9chapp\u00e9 de l&rsquo;institut de virologie de la ville.<\/span><\/p>\n<p class=\"p1 c3\"><span class=\"c2\">Mais cela laisse encore beaucoup de questions en suspens, comme le reconna\u00eet le patron de l&rsquo;OMS.<\/span><\/p>\n<p class=\"p2 c4\">\u00a0<\/p>\n<p class=\"p3 c5\"><span class=\"c2\"><strong>Allemagne<\/strong><\/span><\/p>\n<p class=\"p1 c3\"><span class=\"c2\">Face \u00e0 la progression de l&rsquo;\u00e9pid\u00e9mie, chaque pays tente d&rsquo;organiser une riposte. L&rsquo;Allemagne a d\u00e9cid\u00e9 de fermer sa fronti\u00e8re avec les r\u00e9gions voisines o\u00f9 le virus circule activement. C&rsquo;est le cas dans le Tyrol autrichien.<\/span><\/p>\n<p class=\"p1 c3\"><span class=\"c2\">A l&rsquo;\u00e9chelle f\u00e9d\u00e9rale, la chanceli\u00e8re a r\u00e9cemment annonc\u00e9 le prolongement des mesures de restrictions au moins jusqu&rsquo;au 7 mars.<\/span><\/p>\n<p class=\"p1 c3\"><span class=\"c2\">Les L\u00e4nder ayant autorit\u00e9 sur l&rsquo;\u00e9ducation pourront d\u00e9cider au cas par cas de rouvrir les \u00e9coles, qui sont ferm\u00e9es depuis le 16 d\u00e9cembre.<\/span><\/p>\n<p class=\"p1 c3\"><span class=\"c2\">Dans une interview \u00e0 la t\u00e9l\u00e9vision allemande, Angela Merkel a, par ailleurs, assur\u00e9 que la campagne de vaccination allait s&rsquo;acc\u00e9l\u00e9rer.<\/span><\/p>\n<p class=\"p2 c4\">\u00a0<\/p>\n<p class=\"p3 c5\"><span class=\"c2\"><strong>France<\/strong><\/span><\/p>\n<p class=\"p1 c3\"><span class=\"c2\">En France, en ce d\u00e9but de cong\u00e9s, le pr\u00e9sident de la R\u00e9publique a appel\u00e9 ses concitoyens \u00e0 faire preuve de prudence. \u00ab\u00a0Le virus ne prend pas de vacances\u00a0\u00bb, a ainsi tweet\u00e9 Emmanuel Macron.<\/span><\/p>\n<p class=\"p1 c3\"><span class=\"c2\">Et face \u00e0 la circulation des variants du coronavirus dans certaines r\u00e9gions, l&rsquo;ex\u00e9cutif fran\u00e7ais n&rsquo;exclut pas l&rsquo;hypoth\u00e8se de mesures restrictives localis\u00e9es.<\/span><\/p>\n<p class=\"p1 c3\"><span class=\"c2\">A ce jour, seul un territoire est sous le coup d&rsquo;un re-confinement, c&rsquo;est l&rsquo;\u00eele de Mayotte dans l&rsquo;oc\u00e9an Indien.<\/span><\/p>\n<p class=\"p2 c4\">\u00a0<\/p>\n<p class=\"p3 c5\"><span class=\"c2\"><strong>Italie<\/strong><\/span><\/p>\n<p class=\"p1 c3\"><span class=\"c2\">En Italie comme ailleurs, on s&rsquo;inqui\u00e8te de la progression des variants du Covid-19. Le pourcentage de cas du variant anglais du coronavirus est proche des 20%, a ainsi fait savoir le minist\u00e8re de la sant\u00e9.<\/span><\/p>\n<p class=\"p1 c3\"><span class=\"c2\">Lors de son dernier conseil des ministres, le chef du gouvernement d\u00e9missionnaire, Giuseppe Conte a annonc\u00e9 la prolongation de dix jours de l&rsquo;interdiction des d\u00e9placements entre les r\u00e9gions du pays, qui devait expirer le 15 f\u00e9vrier.<\/span><\/p>\n<p>Auteur: letemps1<br \/>\n<a href=\"http:\/\/www.letemps.com.tn\/article\/119279\/beaucoup-d%E2%80%99interrogations-sur-lorigine-du-virus\">Cliquez ici pour lire l&rsquo;article depuis sa source.<\/a><\/p>\n","protected":false},"excerpt":{"rendered":"<p>Le Temps- Agences- Toujours beaucoup de questions sur l&rsquo;origine du Covid-19, reconnait le patron de l&rsquo;OMS, l&rsquo;organisation mondiale de la sant\u00e9. De nombreux pays s&rsquo;inqui\u00e8tent de la progression rapide des variants de ce virus. Les experts de l&rsquo;Organisation mondiale de la Sant\u00e9 (OMS) sont revenus \u00e0 Gen\u00e8ve apr\u00e8s leur s\u00e9jour \u00e0 Wuhan en Chine, \u00e9picentre [&hellip;]<\/p>\n","protected":false},"author":1773,"featured_media":0,"comment_status":"closed","ping_status":"closed","sticky":false,"template":"","format":"standard","meta":{"fifu_image_url":"","fifu_image_alt":"","footnotes":""},"categories":[73,55],"tags":[],"class_list":["post-111302","post","type-post","status-publish","format-standard","hentry","category-actualite","category-tunisie"],"_links":{"self":[{"href":"https:\/\/linitiative.ca\/International\/wp-json\/wp\/v2\/posts\/111302","targetHints":{"allow":["GET"]}}],"collection":[{"href":"https:\/\/linitiative.ca\/International\/wp-json\/wp\/v2\/posts"}],"about":[{"href":"https:\/\/linitiative.ca\/International\/wp-json\/wp\/v2\/types\/post"}],"author":[{"embeddable":true,"href":"https:\/\/linitiative.ca\/International\/wp-json\/wp\/v2\/users\/1773"}],"replies":[{"embeddable":true,"href":"https:\/\/linitiative.ca\/International\/wp-json\/wp\/v2\/comments?post=111302"}],"version-history":[{"count":0,"href":"https:\/\/linitiative.ca\/International\/wp-json\/wp\/v2\/posts\/111302\/revisions"}],"wp:attachment":[{"href":"https:\/\/linitiative.ca\/International\/wp-json\/wp\/v2\/media?parent=111302"}],"wp:term":[{"taxonomy":"category","embeddable":true,"href":"https:\/\/linitiative.ca\/International\/wp-json\/wp\/v2\/categories?post=111302"},{"taxonomy":"post_tag","embeddable":true,"href":"https:\/\/linitiative.ca\/International\/wp-json\/wp\/v2\/tags?post=111302"}],"curies":[{"name":"wp","href":"https:\/\/api.w.org\/{rel}","templated":true}]}}