{"id":111303,"date":"2021-02-15T15:14:02","date_gmt":"2021-02-15T20:14:02","guid":{"rendered":"https:\/\/linitiative.ca\/International\/pros-pays-bas-touba-et-zerrouki-dans-lequipe-de-la-22e-journee\/"},"modified":"2021-02-15T15:14:02","modified_gmt":"2021-02-15T20:14:02","slug":"pros-pays-bas-touba-et-zerrouki-dans-lequipe-de-la-22e-journee","status":"publish","type":"post","link":"https:\/\/linitiative.ca\/International\/pros-pays-bas-touba-et-zerrouki-dans-lequipe-de-la-22e-journee\/","title":{"rendered":"Pros : Pays Bas: Touba et Zerrouki dans l\u2019\u00e9quipe de la 22e journ\u00e9e!"},"content":{"rendered":"<div readability=\"32\">\n<p>Auteur : <span>Moumen A.<\/span> <span class=\"time\">lundi 15 f\u00e9vrier 2021 17:09<\/span><\/p>\n<\/div>\n<div id=\"post_core\" readability=\"44\">\n<p>Le RKC Waalwijk a r\u00e9alis\u00e9 une tr\u00e8s bonne affaire \u00a0dans la lutte pour le maintien. En prenant le meilleur sur\u00a0 FC Emmen Waalwijk gr\u00e2ce au Franco-Alg\u00e9ro-Belge, Ahmed Touba, auteur du but de la victoire \u00a0\u00e0 la 90e minute.\u00a0 Tr\u00e8s bon aussi en d\u00e9fense centrale, Touba qui est pressenti pour prendre une place en \u00e9quipe nationale, a obtenu une tr\u00e8s belle note de match. AD Sports lui accord\u00e9 8\/10\u00a0:\u00ab\u00a0Ahmed Touba a donn\u00e9 trois points au RKC gr\u00e2ce \u00e0 un superbe tir de loin. L&rsquo;ancien international \u00a0\u00a0belge a \u00e9t\u00e9 d\u00e9cisif\u00a0\u00bb peut-on lire sur le site sportif hollandais. Seuls trois joueurs ont eu la note de 8\/10 cette semaine. Outre Touba, \u00a0et le gardien de but ADO Den Haag Martin Fraisl, c\u2019est le milieu de terrain du FC Twente Ramiz Zerrouki a obtenu un 8\u00a0\u00ab\u00a0Zerrouki \u00e9tait un seigneur et ma\u00eetre au milieu de terrain, ce qui a abouti \u00e0 une victoire de Twente 0-2 contre Vitesse\u00a0\u00bb A-t-on notamment \u00e9crit sur le site du journal ad.nl\/sport.<\/p>\n<p><strong>Moumen A.<\/strong><\/p>\n<p><strong>Publi\u00e9 dans :<\/strong> <span>Ahmed Touba<\/span> <span>Belmadi Djamel<\/span> <span>Ramiz Zerrouki<\/span><\/p>\n<\/div>\n<p>Auteur:<br \/>\n<a href=\"http:\/\/www.lebuteur.com\/article\/detail?titre=pays-bas-touba-et-zerrouki-dans-lequipe-de-la-22e-journee&#038;id=99082&#038;utm_source=feedburner&#038;utm_medium=feed&#038;utm_campaign=Feed%3A+GalerieFArtciles+%28Les+derniers+articles++-+lebuteur.com%29\">Cliquez ici pour lire l&rsquo;article depuis sa source.<\/a><\/p>\n","protected":false},"excerpt":{"rendered":"<p>Auteur : Moumen A. lundi 15 f\u00e9vrier 2021 17:09 Le RKC Waalwijk a r\u00e9alis\u00e9 une tr\u00e8s bonne affaire \u00a0dans la lutte pour le maintien. En prenant le meilleur sur\u00a0 FC Emmen Waalwijk gr\u00e2ce au Franco-Alg\u00e9ro-Belge, Ahmed Touba, auteur du but de la victoire \u00a0\u00e0 la 90e minute.\u00a0 Tr\u00e8s bon aussi en d\u00e9fense centrale, Touba qui [&hellip;]<\/p>\n","protected":false},"author":1738,"featured_media":0,"comment_status":"closed","ping_status":"closed","sticky":false,"template":"","format":"standard","meta":{"fifu_image_url":"\/\/cdn.lebuteur.com\/data\/images\/article\/thumbs\/large-touba-et-zerrouki-dans-lequipe-de-la-22e-journee-e4d7f.jpg","fifu_image_alt":"Pros : Pays Bas: Touba et Zerrouki dans l\u2019\u00e9quipe de la 22e journ\u00e9e!","footnotes":""},"categories":[53,75],"tags":[],"class_list":["post-111303","post","type-post","status-publish","format-standard","hentry","category-algerie","category-sport"],"_links":{"self":[{"href":"https:\/\/linitiative.ca\/International\/wp-json\/wp\/v2\/posts\/111303","targetHints":{"allow":["GET"]}}],"collection":[{"href":"https:\/\/linitiative.ca\/International\/wp-json\/wp\/v2\/posts"}],"about":[{"href":"https:\/\/linitiative.ca\/International\/wp-json\/wp\/v2\/types\/post"}],"author":[{"embeddable":true,"href":"https:\/\/linitiative.ca\/International\/wp-json\/wp\/v2\/users\/1738"}],"replies":[{"embeddable":true,"href":"https:\/\/linitiative.ca\/International\/wp-json\/wp\/v2\/comments?post=111303"}],"version-history":[{"count":0,"href":"https:\/\/linitiative.ca\/International\/wp-json\/wp\/v2\/posts\/111303\/revisions"}],"wp:attachment":[{"href":"https:\/\/linitiative.ca\/International\/wp-json\/wp\/v2\/media?parent=111303"}],"wp:term":[{"taxonomy":"category","embeddable":true,"href":"https:\/\/linitiative.ca\/International\/wp-json\/wp\/v2\/categories?post=111303"},{"taxonomy":"post_tag","embeddable":true,"href":"https:\/\/linitiative.ca\/International\/wp-json\/wp\/v2\/tags?post=111303"}],"curies":[{"name":"wp","href":"https:\/\/api.w.org\/{rel}","templated":true}]}}