{"id":111305,"date":"2021-02-15T15:14:07","date_gmt":"2021-02-15T20:14:07","guid":{"rendered":"https:\/\/linitiative.ca\/International\/pros-championnat-du-qatar-bounedjah-et-belaili-dans-lequipe-type-de-la-16eme-journee\/"},"modified":"2021-02-15T15:14:07","modified_gmt":"2021-02-15T20:14:07","slug":"pros-championnat-du-qatar-bounedjah-et-belaili-dans-lequipe-type-de-la-16eme-journee","status":"publish","type":"post","link":"https:\/\/linitiative.ca\/International\/pros-championnat-du-qatar-bounedjah-et-belaili-dans-lequipe-type-de-la-16eme-journee\/","title":{"rendered":"Pros : Championnat du Qatar: Bounedjah et Belaili dans l\u2019\u00e9quipe-type de la 16\u00e8me journ\u00e9e"},"content":{"rendered":"<div readability=\"32\">\n<p>Auteur : <span>Riad O.<\/span> <span class=\"time\">lundi 15 f\u00e9vrier 2021 17:46<\/span><\/p>\n<\/div>\n<div id=\"post_core\" readability=\"41\">\n<p>Le m\u00e9dia, Al-Kass a d\u00e9voil\u00e9 l\u2019\u00e9quipe-type de la 16\u00e8me journ\u00e9e du championnat du Qatar. \u00a0Dans ce onze, on retrouve les deux joueurs Alg\u00e9riens, Baghdad Bounedjah et Youcef Belaili. Les enfants d\u2019Oran se sont illustr\u00e9s lors de cette journ\u00e9e en menant leur \u00e9quipe vers la victoire. Rappelons que Bounedjah compte 18 buts \u00e0 son actif en championnat cette saison, contre 13 pour Belaili.<\/p>\n<p><span class=\"c1\"><strong>Riad O.<\/strong><\/span><\/p>\n<p><strong>Publi\u00e9 dans :<\/strong> <span>Bela\u00efli<\/span> <span>Bounedjah<\/span><\/p>\n<\/div>\n<p>Auteur:<br \/>\n<a href=\"http:\/\/www.lebuteur.com\/article\/detail?titre=championnat-du-qatar-bounedjah-et-belaili-dans-lequipe-type-de-la-16eme-journee&#038;id=99084&#038;utm_source=feedburner&#038;utm_medium=feed&#038;utm_campaign=Feed%3A+GalerieFArtciles+%28Les+derniers+articles++-+lebuteur.com%29\">Cliquez ici pour lire l&rsquo;article depuis sa source.<\/a><\/p>\n","protected":false},"excerpt":{"rendered":"<p>Auteur : Riad O. lundi 15 f\u00e9vrier 2021 17:46 Le m\u00e9dia, Al-Kass a d\u00e9voil\u00e9 l\u2019\u00e9quipe-type de la 16\u00e8me journ\u00e9e du championnat du Qatar. \u00a0Dans ce onze, on retrouve les deux joueurs Alg\u00e9riens, Baghdad Bounedjah et Youcef Belaili. Les enfants d\u2019Oran se sont illustr\u00e9s lors de cette journ\u00e9e en menant leur \u00e9quipe vers la victoire. Rappelons [&hellip;]<\/p>\n","protected":false},"author":1738,"featured_media":0,"comment_status":"closed","ping_status":"closed","sticky":false,"template":"","format":"standard","meta":{"fifu_image_url":"\/\/cdn.lebuteur.com\/data\/images\/article\/thumbs\/large-championnat-du-qatar-bounedjah-et-belaili-dans-lequipe-type-de-la-16eme-journee-b2998.jpg","fifu_image_alt":"Pros : Championnat du Qatar: Bounedjah et Belaili dans l\u2019\u00e9quipe-type de la 16\u00e8me journ\u00e9e","footnotes":""},"categories":[53,75],"tags":[],"class_list":["post-111305","post","type-post","status-publish","format-standard","hentry","category-algerie","category-sport"],"_links":{"self":[{"href":"https:\/\/linitiative.ca\/International\/wp-json\/wp\/v2\/posts\/111305","targetHints":{"allow":["GET"]}}],"collection":[{"href":"https:\/\/linitiative.ca\/International\/wp-json\/wp\/v2\/posts"}],"about":[{"href":"https:\/\/linitiative.ca\/International\/wp-json\/wp\/v2\/types\/post"}],"author":[{"embeddable":true,"href":"https:\/\/linitiative.ca\/International\/wp-json\/wp\/v2\/users\/1738"}],"replies":[{"embeddable":true,"href":"https:\/\/linitiative.ca\/International\/wp-json\/wp\/v2\/comments?post=111305"}],"version-history":[{"count":0,"href":"https:\/\/linitiative.ca\/International\/wp-json\/wp\/v2\/posts\/111305\/revisions"}],"wp:attachment":[{"href":"https:\/\/linitiative.ca\/International\/wp-json\/wp\/v2\/media?parent=111305"}],"wp:term":[{"taxonomy":"category","embeddable":true,"href":"https:\/\/linitiative.ca\/International\/wp-json\/wp\/v2\/categories?post=111305"},{"taxonomy":"post_tag","embeddable":true,"href":"https:\/\/linitiative.ca\/International\/wp-json\/wp\/v2\/tags?post=111305"}],"curies":[{"name":"wp","href":"https:\/\/api.w.org\/{rel}","templated":true}]}}