{"id":111307,"date":"2021-02-15T15:14:12","date_gmt":"2021-02-15T20:14:12","guid":{"rendered":"https:\/\/linitiative.ca\/International\/international-manchester-city-bonne-nouvelle-pour-mahrez-avant-daffronter-everton\/"},"modified":"2021-02-15T15:14:12","modified_gmt":"2021-02-15T20:14:12","slug":"international-manchester-city-bonne-nouvelle-pour-mahrez-avant-daffronter-everton","status":"publish","type":"post","link":"https:\/\/linitiative.ca\/International\/international-manchester-city-bonne-nouvelle-pour-mahrez-avant-daffronter-everton\/","title":{"rendered":"International : Manchester City: Bonne nouvelle pour Mahrez avant d\u2019affronter Everton"},"content":{"rendered":"<div readability=\"32\">\n<p>Auteur : <span>Riad O.<\/span> <span class=\"time\">lundi 15 f\u00e9vrier 2021 17:51<\/span><\/p>\n<\/div>\n<div id=\"post_core\" readability=\"45\">\n<p>Selon certains m\u00e9dias anglais, l\u2019entra\u00eeneur de Manchester City, Pep Guardiola pourrait laisser sa star, \u0130lkay G\u00fcndo\u011fan au repos lors du prochain match des Citizens face \u00e0 Everton. Si l\u2019absence de l\u2019international allemand venait \u00e0 se confirmer, cela ferait les affaires de Riyad Mahrez qui aurait, alors, de fortes chances, d\u2019\u00eatre titularis\u00e9 face aux Toffees. Le capitaine de l\u2019EN esp\u00e8re avoir, de nouveau, sa chance afin de se ressaisir, lui qui \u00e9tait pass\u00e9 compl\u00e8tement \u00e0 cot\u00e9 de son sujet lors du choc face \u00e0 Liverpool.<\/p>\n<p><span class=\"c1\"><strong>Riad O.<\/strong><\/span><\/p>\n<p><strong>Publi\u00e9 dans :<\/strong> <span>Mahrez<\/span><\/p>\n<\/div>\n<p>Auteur:<br \/>\n<a href=\"http:\/\/www.lebuteur.com\/article\/detail?titre=manchester-city-bonne-nouvelle-pour-mahrez-avant-daffronter-everton&#038;id=99086&#038;utm_source=feedburner&#038;utm_medium=feed&#038;utm_campaign=Feed%3A+GalerieFArtciles+%28Les+derniers+articles++-+lebuteur.com%29\">Cliquez ici pour lire l&rsquo;article depuis sa source.<\/a><\/p>\n","protected":false},"excerpt":{"rendered":"<p>Auteur : Riad O. lundi 15 f\u00e9vrier 2021 17:51 Selon certains m\u00e9dias anglais, l\u2019entra\u00eeneur de Manchester City, Pep Guardiola pourrait laisser sa star, \u0130lkay G\u00fcndo\u011fan au repos lors du prochain match des Citizens face \u00e0 Everton. Si l\u2019absence de l\u2019international allemand venait \u00e0 se confirmer, cela ferait les affaires de Riyad Mahrez qui aurait, alors, [&hellip;]<\/p>\n","protected":false},"author":1738,"featured_media":0,"comment_status":"closed","ping_status":"closed","sticky":false,"template":"","format":"standard","meta":{"fifu_image_url":"\/\/cdn.lebuteur.com\/data\/images\/article\/thumbs\/large-manchester-city-bonne-nouvelle-pour-mahrez-avant-daffronter-everton-b7e06.jpg","fifu_image_alt":"International : Manchester City: Bonne nouvelle pour Mahrez avant d\u2019affronter Everton","footnotes":""},"categories":[53,75],"tags":[],"class_list":["post-111307","post","type-post","status-publish","format-standard","hentry","category-algerie","category-sport"],"_links":{"self":[{"href":"https:\/\/linitiative.ca\/International\/wp-json\/wp\/v2\/posts\/111307","targetHints":{"allow":["GET"]}}],"collection":[{"href":"https:\/\/linitiative.ca\/International\/wp-json\/wp\/v2\/posts"}],"about":[{"href":"https:\/\/linitiative.ca\/International\/wp-json\/wp\/v2\/types\/post"}],"author":[{"embeddable":true,"href":"https:\/\/linitiative.ca\/International\/wp-json\/wp\/v2\/users\/1738"}],"replies":[{"embeddable":true,"href":"https:\/\/linitiative.ca\/International\/wp-json\/wp\/v2\/comments?post=111307"}],"version-history":[{"count":0,"href":"https:\/\/linitiative.ca\/International\/wp-json\/wp\/v2\/posts\/111307\/revisions"}],"wp:attachment":[{"href":"https:\/\/linitiative.ca\/International\/wp-json\/wp\/v2\/media?parent=111307"}],"wp:term":[{"taxonomy":"category","embeddable":true,"href":"https:\/\/linitiative.ca\/International\/wp-json\/wp\/v2\/categories?post=111307"},{"taxonomy":"post_tag","embeddable":true,"href":"https:\/\/linitiative.ca\/International\/wp-json\/wp\/v2\/tags?post=111307"}],"curies":[{"name":"wp","href":"https:\/\/api.w.org\/{rel}","templated":true}]}}