{"id":111308,"date":"2021-02-15T04:46:00","date_gmt":"2021-02-15T09:46:00","guid":{"rendered":"https:\/\/linitiative.ca\/International\/moncer-rouissi-la-tunisie-moderne-et-patriote-en-deuil-albums-photos\/"},"modified":"2021-02-15T04:46:00","modified_gmt":"2021-02-15T09:46:00","slug":"moncer-rouissi-la-tunisie-moderne-et-patriote-en-deuil-albums-photos","status":"publish","type":"post","link":"https:\/\/linitiative.ca\/International\/moncer-rouissi-la-tunisie-moderne-et-patriote-en-deuil-albums-photos\/","title":{"rendered":"Moncer Rouissi: La Tunisie moderne et patriote en deuil!  (Albums photos)"},"content":{"rendered":"<p><span class=\"c2\"><em><strong><img decoding=\"async\" src=\"\/uploads\/FCK_files\/Hatem-Kotrane(8).jpg\" alt=\"\" width=\"20%\" vspace=\"5\" hspace=\"5\" align=\"left\"\/>Par Hatem Kotrane &#8211;<\/strong><\/em><\/span> <strong>Moncer Rouissi n\u2019est plus ! La Tunisie moderne et patriotique est en deuil ! La sociologie tunisienne est en deuil ! La politique au sens noble du terme est en deuil ! Rarement le deuil n\u2019aura fait d\u2019une disparition un lieu de m\u00e9moire si id\u00e9alement pacifi\u00e9. La disparition de Moncer Rouissi est pourtant une perte inestimable pour toute la Tunisie, plus particuli\u00e8rement pour sa famille, sa femme, son fils, ses amis, ses disciples, sa ville natale Tozeur, dont personne n\u2019a autant d\u00e9fendu le patrimoine et mis en valeur les richesses, y compris notamment en pr\u00e9fa\u00e7ant un ouvrage, intitul\u00e9 Les mille et un contes et r\u00e9cits de Tozeur ou l\u2019aventure du Sud Tunisien.<\/strong><\/p>\n<p>Ainsi donc, la grande faucheuse a d\u00e9cid\u00e9 d\u2019enlever \u00e0 notre affection celui qui fut, avant tout, un \u00eatre terriblement intelligent et humble \u00e0 la fois, qui a re\u00e7u du ciel des qualit\u00e9s qu\u2019aucun autre universitaire et intellectuel de son \u00e9poque n\u2019a autant d\u00e9velopp\u00e9es, pour donner vie aux id\u00e9es de grands noms de la pens\u00e9e qui l\u2019avaient marqu\u00e9, tels Alain Touraine, Pierre Bourdieu, Raymond Aron, Georges Gurvitch ou Jacques Berque, le tout en restant profond\u00e9ment convivial et sociable, avec un sens inn\u00e9 de l\u2019humour qui a aliment\u00e9 chaque instant de sa vie\u2026 jusqu\u2019au jour de sa mort.<\/p>\n<p>Mais Moncer Rouissi fut surtout un sociologue chevronn\u00e9, \u00abl\u2019un des cinq plus grands sociologues que le pays ait connus\u00bb, ainsi que rapport\u00e9 par Jeune Afrique dans une livraison du 21 octobre 2003, un chercheur reconnu qui a cette particularit\u00e9 d\u2019avoir mis ses id\u00e9es au service de grandes causes de la Tunisie moderne, en pleine mutation, \u00e0 commencer par la famille, contribuant par ses analyses cibl\u00e9es, dans la continuit\u00e9 du Code du statut personnel, \u00e0 lever les obstacles id\u00e9ologiques et l\u00e9gislatifs \u00e0 une politique de la population, alors appel\u00e9e planification familiale, qui \u00e9tait une \u0153uvre tout \u00e0 fait r\u00e9volutionnaire non seulement au sein du continent africain et des pays arabo-musulmans mais \u00e9galement dans la comparaison avec les pays d\u00e9velopp\u00e9s. Faut-il rappeler, \u00e0 cet \u00e9gard, par exemple, que la vente de contraceptifs et l\u2019avortement ont \u00e9t\u00e9 autoris\u00e9s en Tunisie avant de l\u2019\u00eatre en France.<\/p>\n<p>C\u2019est ce m\u00eame engagement pour la famille moderne qui am\u00e8nera plus tard l\u2019intellectuel, plong\u00e9 en 1987 dans la vie politique, \u00e0 d\u00e9fendre d\u2019autres id\u00e9aux comme le maintien et le renforcement d\u2019acquis de la femme et la promotion de sa place dans la soci\u00e9t\u00e9, l\u2019\u00e9ducation pour tous et, surtout, la formation professionnelle.<\/p>\n<p>D\u2019aucuns seraient tent\u00e9s aujourd\u2019hui de s\u2019interroger, non sans reproche, comment cet intellectuel de gauche si jaloux de son ind\u00e9pendance d\u2019esprit a-t-il pu se jeter, \u00e0 corps perdu, dans la politique pure et dure, d\u00e8s novembre 1987, pour soutenir le projet de changement annonc\u00e9 par Zine el-Abidine Ben Ali et entra\u00eener avec lui par la suite des intellectuels et militants aussi prestigieux que feu Mohamed Charfi, feu Dali Jazi, Saadoun Zmerli et bien d\u2019autres grandes figures de la d\u00e9fense des droits de l\u2019homme et des libert\u00e9s ?<\/p>\n<p>Une chose est cependant s\u00fbre. L\u00e0 o\u00f9 il est pass\u00e9, son patriotisme inn\u00e9 h\u00e9rit\u00e9 d\u2019une famille de militants &#8211; dont son p\u00e8re et son oncle, Youssef Rouissi, compagnons d\u2019Habib Bourguiba pendant la lutte de lib\u00e9ration nationale -, son engagement social et son exp\u00e9rience de la soci\u00e9t\u00e9 civile ont \u00e9t\u00e9 utilement mis \u00e0 contribution au service de causes justes, y compris en contribuant \u00e0 la conclusion, en 1988, d\u2019un \u00ab Pacte national \u00bb en vue de la construction d\u2019une soci\u00e9t\u00e9 d\u00e9mocratique, tol\u00e9rante, solidaire et plurielle. Ses empreintes ont \u00e9t\u00e9, par la suite, r\u00e9elles en occupant notamment les postes de ministre de la Culture, des Affaires sociales, de l\u2019Emploi et de la Formation professionnelle, de l\u2019\u00c9ducation et de la Formation. Partout, il s\u2019est distingu\u00e9 par son action inlassable en vue de valoriser ces secteurs vitaux qu\u2019il a marqu\u00e9s de r\u00e9formes modernes et de programmes complets et concrets en \u00e9tablissant, en particulier gr\u00e2ce aux services de l\u2019emploi modernis\u00e9s, une relation \u00e9troite entre l\u2019orientation et la formation et l\u2019emploi, tant il \u00e9tait convaincu que l\u2019Etat ne pouvait rester indiff\u00e9rent face aux risques engendr\u00e9s par les situations de ch\u00f4mage et de sous-emploi. Il \u00e9tait, alors, un des rares ministres \u00e0 d\u00e9fendre en force l\u2019id\u00e9e, qui refait aujourd\u2019hui encore surface, \u00e0 savoir que, quels que soient les m\u00e9rites de l\u2019\u00e9conomie de march\u00e9 et le regain d\u2019int\u00e9r\u00eat dont elle semble b\u00e9n\u00e9ficier de nouveau, \u00able march\u00e9 du travail ne peut \u00eatre totalement confi\u00e9 \u00e0 l\u2019autor\u00e9gulation, ni \u00eatre trait\u00e9 comme le march\u00e9 libre d\u2019une marchandise quelconque\u00bb\u00a0 !<\/p>\n<p>Et que dire de sa pr\u00e9sidence du Comit\u00e9 sup\u00e9rieur pour les droits de l\u2019homme et les libert\u00e9s fondamentales (Csdhlf) o\u00f9 il a \u00e9t\u00e9 nomm\u00e9 le 26 janvier 2007. D\u2019aucuns seraient tent\u00e9s de dire que sa mission \u00e0 la t\u00eate de cet organisme consultatif a \u00e9t\u00e9 marqu\u00e9e, comme ses pr\u00e9d\u00e9cesseurs, les regrett\u00e9s\u00a0 Rachid Driss et Zakaria Ben Mustapha, par un conformisme frileux. Ceux qui, comme le r\u00e9dacteur de ces quelques lignes, l\u2019y ont accompagn\u00e9 t\u00e9moignent pourtant que son engagement pour les droits de l\u2019homme et les libert\u00e9s \u00e9tait r\u00e9el et que, sous sa pr\u00e9sidence, les attributions du Comit\u00e9 ont \u00e9t\u00e9 renforc\u00e9es, \u00e0 la faveur d\u2019une loi n\u00b02008-37 du 16 Juin 2008 qu\u2019il a su d\u00e9fendre et qui \u00e9tait largement en harmonie avec les normes internationales.<\/p>\n<p>Sous sa pr\u00e9sidence, le Comit\u00e9 s\u2019est en tout cas employ\u00e9, avec les moyens, le contexte et la pesanteur politique de l\u2019\u00e9poque, \u00e0 faire avancer la cause des droits de l\u2019homme au quotidien, y compris en recueillant et en instruisant les plaintes sur les violations commises et en proposant les mesures et voies en vue de les faire cesser. L\u2019histoire redonnera justice \u00e0 Moncer Rouissi, ainsi qu\u2019\u00e0 d\u2019illustres membres dudit Comit\u00e9 qui se sont d\u00e9pens\u00e9s sans aucune contrepartie financi\u00e8re et qui avaient, pour la plupart, su t\u00e9moigner d\u2019une plus grande humanit\u00e9!\u00a0<\/p>\n<p>Puissions-nous alors, \u00e0 ce moment pr\u00e9cis o\u00f9 nous rendons ensemble un ultime hommage \u00e0 Moncer Rouissi, faire perp\u00e9tuer \u00e0 jamais le souvenir d\u2019un homme qui fut tout cela \u00e0 la fois : un grand professeur, un sociologue, un humaniste engag\u00e9, un homme d\u2019Etat profond\u00e9ment patriote et un grand ami!<\/p>\n<p class=\"c5\"><strong>Hatem Kotrane<\/strong><br \/><span class=\"c4\"><em>Professeur de droit<\/em><\/span><\/p>\n<p class=\"c6\"><strong>Lire aussi<\/strong><\/p>\n<p class=\"c6\"><a href=\"https:\/\/www.leaders.com.tn\/article\/31424-dr-ridha-kechrid-moncer-rouissi-le-ministre-atypique\" target=\"_blank\" rel=\"noopener\">Dr Ridha Kechrid: Moncer Rouissi, le ministre atypique (Album photos)<\/a><\/p>\n<p class=\"c6\"><a href=\"https:\/\/www.leaders.com.tn\/article\/31418-rafaa-ben-achour-moncer-rouissi-l-intellectuel-l-homme-d-etat-et-le-patriote-tunisien-album-photos\" target=\"_blank\" rel=\"noopener\">Rafa\u00e2 Ben Achour: Moncer Rouissi, l\u2019intellectuel, l\u2019homme d\u2019Etat et le patriote Tunisien&#8230; (Album Photos)<\/a><\/p>\n<p class=\"c6\"><a href=\"https:\/\/www.leaders.com.tn\/article\/31201-le-sociologue-et-ancien-ministre-moncer-rouissi-est-decede\" target=\"_blank\" rel=\"noopener\">Le sociologue et ancien ministre Moncer Rouissi est d\u00e9c\u00e9d\u00e9<\/a><\/p>\n<p><a href=\"https:\/\/www.leaders.com.tn\/article\/31229-hela-nafti-hommage-a-l-homme-d-etat-et-de-lettres-feu-moncer-rouissi\" target=\"_blank\" rel=\"noopener\">H\u00e9la Nafti: Hommage \u00e0 l&rsquo;homme d&rsquo;Etat et de lettres feu Moncer Rouissi<\/a><\/p>\n<p class=\"c5\">\u00a0<\/p>\n<p>Auteur:<br \/>\n<a href=\"https:\/\/www.leaders.com.tn\/article\/31432-moncer-rouissi-la-tunisie-moderne-et-patriote-en-deuil\">Cliquez ici pour lire l&rsquo;article depuis sa source.<\/a><\/p>\n","protected":false},"excerpt":{"rendered":"<p>Par Hatem Kotrane &#8211; Moncer Rouissi n\u2019est plus ! La Tunisie moderne et patriotique est en deuil ! La sociologie tunisienne est en deuil ! La politique au sens noble du terme est en deuil ! Rarement le deuil n\u2019aura fait d\u2019une disparition un lieu de m\u00e9moire si id\u00e9alement pacifi\u00e9. La disparition de Moncer Rouissi [&hellip;]<\/p>\n","protected":false},"author":1772,"featured_media":0,"comment_status":"closed","ping_status":"closed","sticky":false,"template":"","format":"standard","meta":{"fifu_image_url":"\/uploads\/FCK_files\/Hatem-Kotrane(8).jpg","fifu_image_alt":"Moncer Rouissi: La Tunisie moderne et patriote en deuil!  (Albums photos)","footnotes":""},"categories":[73,55],"tags":[],"class_list":["post-111308","post","type-post","status-publish","format-standard","hentry","category-actualite","category-tunisie"],"_links":{"self":[{"href":"https:\/\/linitiative.ca\/International\/wp-json\/wp\/v2\/posts\/111308","targetHints":{"allow":["GET"]}}],"collection":[{"href":"https:\/\/linitiative.ca\/International\/wp-json\/wp\/v2\/posts"}],"about":[{"href":"https:\/\/linitiative.ca\/International\/wp-json\/wp\/v2\/types\/post"}],"author":[{"embeddable":true,"href":"https:\/\/linitiative.ca\/International\/wp-json\/wp\/v2\/users\/1772"}],"replies":[{"embeddable":true,"href":"https:\/\/linitiative.ca\/International\/wp-json\/wp\/v2\/comments?post=111308"}],"version-history":[{"count":0,"href":"https:\/\/linitiative.ca\/International\/wp-json\/wp\/v2\/posts\/111308\/revisions"}],"wp:attachment":[{"href":"https:\/\/linitiative.ca\/International\/wp-json\/wp\/v2\/media?parent=111308"}],"wp:term":[{"taxonomy":"category","embeddable":true,"href":"https:\/\/linitiative.ca\/International\/wp-json\/wp\/v2\/categories?post=111308"},{"taxonomy":"post_tag","embeddable":true,"href":"https:\/\/linitiative.ca\/International\/wp-json\/wp\/v2\/tags?post=111308"}],"curies":[{"name":"wp","href":"https:\/\/api.w.org\/{rel}","templated":true}]}}