{"id":111310,"date":"2021-02-15T06:10:00","date_gmt":"2021-02-15T11:10:00","guid":{"rendered":"https:\/\/linitiative.ca\/International\/mechichi-passe-a-un-gouvernement-compact-avec-des-ministres-par-interim\/"},"modified":"2021-02-15T06:10:00","modified_gmt":"2021-02-15T11:10:00","slug":"mechichi-passe-a-un-gouvernement-compact-avec-des-ministres-par-interim","status":"publish","type":"post","link":"https:\/\/linitiative.ca\/International\/mechichi-passe-a-un-gouvernement-compact-avec-des-ministres-par-interim\/","title":{"rendered":"Mechichi passe \u00e0 un gouvernement compact, avec des ministres par int\u00e9rim"},"content":{"rendered":"<p>Il passe au Plan B. Est-ce viable? Est-ce durable? A la recherche d\u2019un d\u00e9blocage de la situation face au refus du pr\u00e9sident de la R\u00e9publique de recevoir la prestation de serment de ministres sous poursuites judiciaires ou soup\u00e7ons de conflit d\u2019int\u00e9r\u00eat, Hichem Mechichi a choisi de resserrer son gouvernement. C\u2019est ainsi qu\u2019il se d\u00e9leste des ministres dont il avait annonc\u00e9 le limogeage et les remplace par d\u2019autres membres du gouvernement, ayant d\u00e9j\u00e0 accompli la prestation de serment en septembre dernier, les chargeant d\u2019en assurer l\u2019int\u00e9rim.<\/p>\n<p>La nouvelle formule se pr\u00e9sente comme suit :<\/p>\n<p class=\"c3\"><span class=\"c2\"><strong>\u2022 <a href=\"https:\/\/www.leaders.com.tn\/article\/30704-hasna-ben-slimane-un-coeur-vaillant-a-la-tete-du-ministere-de-l-impossible\" target=\"_blank\" rel=\"noopener\">Hasna Ben Slimane<\/a><\/strong><\/span>, succ\u00e8dera \u00e0 Mohamed Boussetta, au minist\u00e8re de la Justice, en plus de son minist\u00e8re de la Fonction publique<\/p>\n<p class=\"c3\"><span class=\"c2\"><strong><span class=\"c2\"><strong>\u2022<\/strong><\/span> Mohamed Boussaid<\/strong><\/span>, succ\u00e8dera \u00e0 Saloua Sghaier, au minist\u00e8re de l\u2019Industrie, de l\u2019Energie et des Mies, en plus du minist\u00e8re du Commerce<\/p>\n<p class=\"c3\"><span class=\"c2\"><strong><span class=\"c2\"><strong>\u2022<\/strong><\/span> <a href=\"https:\/\/www.leaders.com.tn\/article\/30476-qui-est-ahmed-adhoum-ministre-des-affaires-religieuses\" target=\"_blank\" rel=\"noopener\">Ahmed Adhoum<\/a><\/strong><\/span>, reprendra le minist\u00e8re des Domaines de l\u2019Etat, qu\u2019il avait occup\u00e9 d\u00e9j\u00e0 en 2011, succ\u00e9dant \u00e0 Leila Jaffel et conservera le minist\u00e8re des Affaires religieuses<\/p>\n<p class=\"c3\"><span class=\"c2\"><strong><span class=\"c2\"><strong>\u2022<\/strong><\/span> <a href=\"https:\/\/www.leaders.com.tn\/article\/30475-qui-est-mohamed-fadhel-kraiem-ministre-des-technologies-de-la-communication\" target=\"_blank\" rel=\"noopener\">Mohamed Fadhel Kraiem<\/a><\/strong><\/span>, succ\u00e8dera \u00e0 Akessa Bahri, au minist\u00e8re de l\u2019Agriculture, et conservera celui des Tics<\/p>\n<p class=\"c3\"><span class=\"c2\"><strong><span class=\"c2\"><strong>\u2022<\/strong><\/span> <a href=\"https:\/\/www.leaders.com.tn\/article\/30470-qui-est-sihem-ayadi-proposee-au-poste-secretaire-d-etat-aupres-du-ministre-de-la-jeunesse-des-sports-et-de-l-insertion\" target=\"_blank\" rel=\"noopener\">Sihem Ayadi<\/a><\/strong><\/span>, jusque-l\u00e0 secr\u00e9taire d\u2019Etat est promue ministre de la Jeunesse, des Sports et de l\u2019int\u00e9gration professionnelle.<\/p>\n<p>Par ailleurs, Hichem Mechichi continue \u00e0 g\u00e9rer par int\u00e9rim le minist\u00e8re de l\u2019Int\u00e9rieur.<\/p>\n<p>Auteur:<br \/>\n<a href=\"https:\/\/www.leaders.com.tn\/article\/31434-mechichi-passe-a-un-gouvernement-compact-avec-des-ministres-par-interim\">Cliquez ici pour lire l&rsquo;article depuis sa source.<\/a><\/p>\n","protected":false},"excerpt":{"rendered":"<p>Il passe au Plan B. Est-ce viable? Est-ce durable? A la recherche d\u2019un d\u00e9blocage de la situation face au refus du pr\u00e9sident de la R\u00e9publique de recevoir la prestation de serment de ministres sous poursuites judiciaires ou soup\u00e7ons de conflit d\u2019int\u00e9r\u00eat, Hichem Mechichi a choisi de resserrer son gouvernement. C\u2019est ainsi qu\u2019il se d\u00e9leste des [&hellip;]<\/p>\n","protected":false},"author":1772,"featured_media":0,"comment_status":"closed","ping_status":"closed","sticky":false,"template":"","format":"standard","meta":{"fifu_image_url":"","fifu_image_alt":"","footnotes":""},"categories":[73,55],"tags":[],"class_list":["post-111310","post","type-post","status-publish","format-standard","hentry","category-actualite","category-tunisie"],"_links":{"self":[{"href":"https:\/\/linitiative.ca\/International\/wp-json\/wp\/v2\/posts\/111310","targetHints":{"allow":["GET"]}}],"collection":[{"href":"https:\/\/linitiative.ca\/International\/wp-json\/wp\/v2\/posts"}],"about":[{"href":"https:\/\/linitiative.ca\/International\/wp-json\/wp\/v2\/types\/post"}],"author":[{"embeddable":true,"href":"https:\/\/linitiative.ca\/International\/wp-json\/wp\/v2\/users\/1772"}],"replies":[{"embeddable":true,"href":"https:\/\/linitiative.ca\/International\/wp-json\/wp\/v2\/comments?post=111310"}],"version-history":[{"count":0,"href":"https:\/\/linitiative.ca\/International\/wp-json\/wp\/v2\/posts\/111310\/revisions"}],"wp:attachment":[{"href":"https:\/\/linitiative.ca\/International\/wp-json\/wp\/v2\/media?parent=111310"}],"wp:term":[{"taxonomy":"category","embeddable":true,"href":"https:\/\/linitiative.ca\/International\/wp-json\/wp\/v2\/categories?post=111310"},{"taxonomy":"post_tag","embeddable":true,"href":"https:\/\/linitiative.ca\/International\/wp-json\/wp\/v2\/tags?post=111310"}],"curies":[{"name":"wp","href":"https:\/\/api.w.org\/{rel}","templated":true}]}}