{"id":111314,"date":"2021-02-15T05:00:00","date_gmt":"2021-02-15T10:00:00","guid":{"rendered":"https:\/\/linitiative.ca\/International\/pas-dinterimaires-aux-chu\/"},"modified":"2021-02-15T05:00:00","modified_gmt":"2021-02-15T10:00:00","slug":"pas-dinterimaires-aux-chu","status":"publish","type":"post","link":"https:\/\/linitiative.ca\/International\/pas-dinterimaires-aux-chu\/","title":{"rendered":"Pas d\u2019int\u00e9rimaires aux CHU"},"content":{"rendered":"<div readability=\"33.765100671141\"><a href=\"\/periscoop\/ammar-saadani-sinstalle-au-portugal-56228\"><\/p>\n<div class=\"image\"><img class=\"lazy\" data-original=\"\/data\/images\/article\/thumbs\/ls-ammar-saadani-sinstalle-au-portugal-9d9ff.jpg\"\/><\/p>\n<p><span>1<\/span><\/p>\n<\/div>\n<p><\/a><\/p>\n<p class=\"type-date\"><span>P\u00e9riscoop<\/span> 11:00 | 13-02-2021<\/p>\n<p><a href=\"\/periscoop\/ammar-saadani-sinstalle-au-portugal-56228\"><\/p>\n<h5 class=\"first-title\"\/>\n<\/a> <a href=\"\/periscoop\/ammar-saadani-sinstalle-au-portugal-56228\"><\/p>\n<h5 class=\"title\">Ammar Sa\u00e2dani s\u2019installe au Portugal<\/h5>\n<p><\/a><\/p>\n<p class=\"text\">L\u2019ancien pr\u00e9sident de l\u2019APN et ancien secr\u00e9taire g\u00e9n\u00e9ral du parti FLN, Ammar Sa\u00e2dani, aurait vendu son appartement \u00e0 Paris o\u00f9 une forte communaut\u00e9 alg\u00e9rienne est pr\u00e9sente. Selon une source au sein du parti, il se<\/p>\n<\/div>\n<div readability=\"37.062937062937\"><a href=\"\/periscoop\/tayeb-louh-sisole-56299\"><\/p>\n<div class=\"image\"><img class=\"lazy\" data-original=\"\/data\/images\/article\/thumbs\/ls-tayeb-louh-sisole-2fea4.jpg\"\/><\/p>\n<p><span>2<\/span><\/p>\n<\/div>\n<p><\/a><\/p>\n<p class=\"type-date\"><span>P\u00e9riscoop<\/span> 11:00 | 14-02-2021<\/p>\n<p><a href=\"\/periscoop\/tayeb-louh-sisole-56299\"><\/p>\n<h5 class=\"first-title\"\/>\n<\/a> <a href=\"\/periscoop\/tayeb-louh-sisole-56299\"><\/p>\n<h5 class=\"title\">Tayeb Louh s\u2019isole<\/h5>\n<p><\/a><\/p>\n<p class=\"text\">En d\u00e9tention depuis l\u2019\u00e9t\u00e9 2019 \u00e0 la prison d\u2019El-Harrach, l\u2019ancien ministre de la Justice, Tayeb Louh, se distingue parmi ses cod\u00e9tenus par un \u00abermitage\u00bb strict, affirment des indiscr\u00e9tions. L\u2019homme reste tout le temps<\/p>\n<\/div>\n<p>Auteur:<br \/>\n<a href=\"https:\/\/www.lesoirdalgerie.com\/periscoop\/pas-dinterimaires-aux-chu-56371\">Cliquez ici pour lire l&rsquo;article depuis sa source.<\/a><\/p>\n","protected":false},"excerpt":{"rendered":"<p>1 P\u00e9riscoop 11:00 | 13-02-2021 Ammar Sa\u00e2dani s\u2019installe au Portugal L\u2019ancien pr\u00e9sident de l\u2019APN et ancien secr\u00e9taire g\u00e9n\u00e9ral du parti FLN, Ammar Sa\u00e2dani, aurait vendu son appartement \u00e0 Paris o\u00f9 une forte communaut\u00e9 alg\u00e9rienne est pr\u00e9sente. Selon une source au sein du parti, il se 2 P\u00e9riscoop 11:00 | 14-02-2021 Tayeb Louh s\u2019isole En d\u00e9tention [&hellip;]<\/p>\n","protected":false},"author":1741,"featured_media":0,"comment_status":"closed","ping_status":"closed","sticky":false,"template":"","format":"standard","meta":{"fifu_image_url":"","fifu_image_alt":"","footnotes":""},"categories":[73,53],"tags":[],"class_list":["post-111314","post","type-post","status-publish","format-standard","hentry","category-actualite","category-algerie"],"_links":{"self":[{"href":"https:\/\/linitiative.ca\/International\/wp-json\/wp\/v2\/posts\/111314","targetHints":{"allow":["GET"]}}],"collection":[{"href":"https:\/\/linitiative.ca\/International\/wp-json\/wp\/v2\/posts"}],"about":[{"href":"https:\/\/linitiative.ca\/International\/wp-json\/wp\/v2\/types\/post"}],"author":[{"embeddable":true,"href":"https:\/\/linitiative.ca\/International\/wp-json\/wp\/v2\/users\/1741"}],"replies":[{"embeddable":true,"href":"https:\/\/linitiative.ca\/International\/wp-json\/wp\/v2\/comments?post=111314"}],"version-history":[{"count":0,"href":"https:\/\/linitiative.ca\/International\/wp-json\/wp\/v2\/posts\/111314\/revisions"}],"wp:attachment":[{"href":"https:\/\/linitiative.ca\/International\/wp-json\/wp\/v2\/media?parent=111314"}],"wp:term":[{"taxonomy":"category","embeddable":true,"href":"https:\/\/linitiative.ca\/International\/wp-json\/wp\/v2\/categories?post=111314"},{"taxonomy":"post_tag","embeddable":true,"href":"https:\/\/linitiative.ca\/International\/wp-json\/wp\/v2\/tags?post=111314"}],"curies":[{"name":"wp","href":"https:\/\/api.w.org\/{rel}","templated":true}]}}