{"id":111318,"date":"2021-02-15T10:22:49","date_gmt":"2021-02-15T15:22:49","guid":{"rendered":"https:\/\/linitiative.ca\/International\/une-certaine-idee-du-maroc\/"},"modified":"2021-02-15T10:22:49","modified_gmt":"2021-02-15T15:22:49","slug":"une-certaine-idee-du-maroc","status":"publish","type":"post","link":"https:\/\/linitiative.ca\/International\/une-certaine-idee-du-maroc\/","title":{"rendered":"Une certaine id\u00e9e du Maroc"},"content":{"rendered":"<p><strong>Tous ceux qui ont \u00e9t\u00e9 vaccin\u00e9s louent l\u2019organisation. C\u2019est un sondage nature qui met fin aux discours anxiog\u00e8nes. Le questionnement sur l\u2019approvisionnement garde sa pertinence dans la perspective de l\u2019immunit\u00e9 collective. Mais jusqu\u2019ici l\u2019arriv\u00e9e des doses respecte l\u2019agenda, sauf pour la Chine, qui promet de monter en puissance dans les mois \u00e0 venir.<\/strong><\/p>\n<div class=\"c10\">\n<\/div>\n<p>L\u2019organisation en interne est impeccable. Il faut \u00eatre de mauvaise foi pour affirmer le contraire. Tout se passe avec une fluidit\u00e9 extraordinaire, les gens s\u2019inscrivent, ont des rendez-vous rapproch\u00e9s, les lieux sont am\u00e9nag\u00e9s de mani\u00e8re optimale, c\u2019est une r\u00e9ussite. Cette r\u00e9ussite, ponctuelle, est celle d\u2019une nation. La reconna\u00eetre, ce n\u2019est pas de la propagande pour un courant politique. C\u2019est juste \u00eatre honn\u00eate.<\/p>\n<p><strong>Lire aussi | <a href=\"https:\/\/www.challenge.ma\/delais-de-paiement-les-mauvais-payeurs-encourent-des-amendes-175322\/\" target=\"_blank\" rel=\"noreferrer noopener\">D\u00e9lais de paiement : les mauvais payeurs encourent des amendes<\/a><\/strong><\/p>\n<p>Mais cela pose une vraie question politique. Pourquoi est-ce qu\u2019on r\u00e9ussit l\u2019organisation de la vaccination et pas celle des march\u00e9s de l\u2019A\u00efd El K\u00e9bir, le retour des Hammams, des activit\u00e9s culturelles. Le drame avec le Covid-19, c\u2019est l\u2019incertitude dans le temps. Un an apr\u00e8s, on sait tr\u00e8s peu de choses de ce satan\u00e9 virus. Les autorit\u00e9s sanitaires ont pris le dessus parce qu\u2019il fallait d\u2019abord limiter la propagation. Mais les incoh\u00e9rences sont multiples, on peut emprunter les transports publics, mais on ne peut pas visiter un mus\u00e9e qui recevait quelques dizaines de visiteurs. C\u2019est une\u00a0 situation exceptionnelle, l\u2019humanit\u00e9 en tirera les le\u00e7ons.<\/p>\n<p><strong>Lire aussi | <a href=\"https:\/\/www.challenge.ma\/maroc-nouveau-programme-pour-dynamiser-les-startups-industrielles-175316\/\" target=\"_blank\" rel=\"noreferrer noopener\">Maroc : nouveau programme pour dynamiser les startups industrielles<\/a><\/strong><\/p>\n<p>Mais au Maroc, il y a une le\u00e7on qui s\u2019impose. Nous avons r\u00e9ussi l\u2019organisation de la vaccination. Cela nous impose de r\u00e9ussir d\u2019autres organisations. Nous devons nous mettre \u00e0 ce niveau, parce que le d\u00e9veloppement est un processus cumulatif.<\/p>\n<p>Auteur: challenge<br \/>\n<a href=\"https:\/\/www.challenge.ma\/une-certaine-idee-du-maroc-175329\/\">Cliquez ici pour lire l&rsquo;article depuis sa source.<\/a><\/p>\n","protected":false},"excerpt":{"rendered":"<p>Tous ceux qui ont \u00e9t\u00e9 vaccin\u00e9s louent l\u2019organisation. C\u2019est un sondage nature qui met fin aux discours anxiog\u00e8nes. Le questionnement sur l\u2019approvisionnement garde sa pertinence dans la perspective de l\u2019immunit\u00e9 collective. Mais jusqu\u2019ici l\u2019arriv\u00e9e des doses respecte l\u2019agenda, sauf pour la Chine, qui promet de monter en puissance dans les mois \u00e0 venir. L\u2019organisation en [&hellip;]<\/p>\n","protected":false},"author":1787,"featured_media":0,"comment_status":"closed","ping_status":"closed","sticky":false,"template":"","format":"standard","meta":{"fifu_image_url":"","fifu_image_alt":"","footnotes":""},"categories":[78,54],"tags":[],"class_list":["post-111318","post","type-post","status-publish","format-standard","hentry","category-economie","category-maroc"],"_links":{"self":[{"href":"https:\/\/linitiative.ca\/International\/wp-json\/wp\/v2\/posts\/111318","targetHints":{"allow":["GET"]}}],"collection":[{"href":"https:\/\/linitiative.ca\/International\/wp-json\/wp\/v2\/posts"}],"about":[{"href":"https:\/\/linitiative.ca\/International\/wp-json\/wp\/v2\/types\/post"}],"author":[{"embeddable":true,"href":"https:\/\/linitiative.ca\/International\/wp-json\/wp\/v2\/users\/1787"}],"replies":[{"embeddable":true,"href":"https:\/\/linitiative.ca\/International\/wp-json\/wp\/v2\/comments?post=111318"}],"version-history":[{"count":0,"href":"https:\/\/linitiative.ca\/International\/wp-json\/wp\/v2\/posts\/111318\/revisions"}],"wp:attachment":[{"href":"https:\/\/linitiative.ca\/International\/wp-json\/wp\/v2\/media?parent=111318"}],"wp:term":[{"taxonomy":"category","embeddable":true,"href":"https:\/\/linitiative.ca\/International\/wp-json\/wp\/v2\/categories?post=111318"},{"taxonomy":"post_tag","embeddable":true,"href":"https:\/\/linitiative.ca\/International\/wp-json\/wp\/v2\/tags?post=111318"}],"curies":[{"name":"wp","href":"https:\/\/api.w.org\/{rel}","templated":true}]}}