{"id":111319,"date":"2021-02-15T11:08:49","date_gmt":"2021-02-15T16:08:49","guid":{"rendered":"https:\/\/linitiative.ca\/International\/ds4-premium-et-tres-techno\/"},"modified":"2021-02-15T11:08:49","modified_gmt":"2021-02-15T16:08:49","slug":"ds4-premium-et-tres-techno","status":"publish","type":"post","link":"https:\/\/linitiative.ca\/International\/ds4-premium-et-tres-techno\/","title":{"rendered":"DS4 : premium et tr\u00e8s techno"},"content":{"rendered":"<p><strong>DS Automobiles acc\u00e9l\u00e8re son d\u00e9veloppement avec la nouvelle DS 4. Une nouvelle offre du segment C premium qui mise sur son raffinement et sur son ing\u00e9nierie pour conqu\u00e9rir les aficionados de la marque.\u00a0<\/strong><\/p>\n<div class=\"c10\">\n<\/div>\n<p>Une nouvelle g\u00e9n\u00e9ration de la DS4 qui h\u00e9rite de dimensions plut\u00f4t imposantes dans le segment (4,40 m de long, 1,83 m de large et 1,47 m de haut), en plus d\u2019une silhouette totalement in\u00e9dite. La ligne se veut athl\u00e9tique et muscl\u00e9e ; ajoutez-y des traits \u00e0 la fois \u00e9l\u00e9gants et rac\u00e9s. Dans le d\u00e9tail, la face avant est marqu\u00e9e par une nouvelle signature lumineuse. Les projecteurs tr\u00e8s affin\u00e9s proposent le syst\u00e8me \u00abDS Matrix LED Vision\u00bb combinant les feux matriciels et directionnels. Ils sont accompagn\u00e9s par des feux de jour compos\u00e9s de deux lignes de LED de chaque c\u00f4t\u00e9 (98 LED au total). Quant \u00e0 la variante DS 4 Cross, elle joue sur la perception visuelle d\u2019un SUV avec un traitement de la partie inf\u00e9rieure des boucliers soulign\u00e9e par une protection sp\u00e9cifique et une teinte noire mat. Les cadres sup\u00e9rieurs des vitres lat\u00e9rales noir brillant, une grille de calandre noir brillant, des jantes distinctives, des barres de toit et un pavillon peint couleur carrosserie compl\u00e8tent l\u2019ensemble.\u00a0<\/p>\n<figure class=\"wp-block-image size-large\"><img decoding=\"async\" src=\"https:\/\/www.challenge.ma\/wp-content\/uploads\/2021\/02\/DS4-.jpg\" alt=\"\" class=\"wp-image-175347\"\/><\/figure>\n<p><strong>Mat\u00e9riaux de belle facture<\/strong><\/p>\n<p>Par ses mati\u00e8res, avec diff\u00e9rents types de cuir, de l\u2019Alcantara, du carbone forg\u00e9, du bois en passant par de nouvelles techniques de confection, l\u2019int\u00e9rieur de DS 4 allie raffinement et technologie. Les si\u00e8ges, qui peuvent \u00eatre ventil\u00e9s et massant dans leurs versions cuir, pr\u00e9sentent une morphologie particuli\u00e8rement travaill\u00e9e. En mati\u00e8re de connectivit\u00e9, la priorit\u00e9 a \u00e9t\u00e9 d\u2019offrir des solutions pour que le conducteur n\u2019ait plus \u00e0 quitter la route des yeux, un gage de s\u00e9curit\u00e9 ind\u00e9niable. Baptis\u00e9 \u00abDS Extended Head-Up Display\u00bb, l\u2019affichage t\u00eate haute \u00e9tendu offre une exp\u00e9rience visuelle avant-gardiste qui propose un premier pas vers la r\u00e9alit\u00e9 augment\u00e9e. Ainsi, via une nouvelle technologie immersive, les informations indispensables \u00e0 la conduite sont directement projet\u00e9es sur la route. La DS 4 qui dispose d\u2019une technologie hybride rechargeable d\u00e8s son lancement (225 chevaux et plus de 50 kilom\u00e8tres d\u2019autonomie en mode z\u00e9ro \u00e9mission sur le cycle mixte WLTP). Des versions essence PureTech de 130, 180 et 225 chevaux et une version Diesel BlueHDi 130 chevaux seront \u00e9galement propos\u00e9es. Tous ces mod\u00e8les recevront exclusivement des bo\u00eetes de vitesses automatiques \u00e0 8 rapports. Par ailleurs, l\u2019engin dispose de la conduite semi-autonome de niveau 2 (DS Drive Assist 2.0) et de la suspension pr\u00e9dictive \u00abActive Scan\u00bb, qui compl\u00e8tent la panoplie technologique de cette nouvelle DS 4. Justement, elle est d\u2019ores et d\u00e9j\u00e0 pr\u00e9sent\u00e9e dans tous les DS Stores en Europe, en Asie, en Am\u00e9rique du Sud et en Afrique. Son lancement commercial \u00e0 l\u2019international interviendra durant le quatri\u00e8me trimestre de l\u2019ann\u00e9e 2021.<\/p>\n<figure class=\"wp-block-image size-large\"><img decoding=\"async\" src=\"https:\/\/www.challenge.ma\/wp-content\/uploads\/2021\/02\/DS4-Rear.jpg\" alt=\"\" class=\"wp-image-175346\"\/><\/figure>\n<p>Auteur: challenge<br \/>\n<a href=\"https:\/\/www.challenge.ma\/ds4-premium-et-tres-techno-175342\/\">Cliquez ici pour lire l&rsquo;article depuis sa source.<\/a><\/p>\n","protected":false},"excerpt":{"rendered":"<p>DS Automobiles acc\u00e9l\u00e8re son d\u00e9veloppement avec la nouvelle DS 4. Une nouvelle offre du segment C premium qui mise sur son raffinement et sur son ing\u00e9nierie pour conqu\u00e9rir les aficionados de la marque.\u00a0 Une nouvelle g\u00e9n\u00e9ration de la DS4 qui h\u00e9rite de dimensions plut\u00f4t imposantes dans le segment (4,40 m de long, 1,83 m de [&hellip;]<\/p>\n","protected":false},"author":1787,"featured_media":0,"comment_status":"closed","ping_status":"closed","sticky":false,"template":"","format":"standard","meta":{"fifu_image_url":"https:\/\/www.challenge.ma\/wp-content\/uploads\/2021\/02\/DS4-.jpg","fifu_image_alt":"DS4 : premium et tr\u00e8s techno","footnotes":""},"categories":[78,54],"tags":[],"class_list":["post-111319","post","type-post","status-publish","format-standard","hentry","category-economie","category-maroc"],"_links":{"self":[{"href":"https:\/\/linitiative.ca\/International\/wp-json\/wp\/v2\/posts\/111319","targetHints":{"allow":["GET"]}}],"collection":[{"href":"https:\/\/linitiative.ca\/International\/wp-json\/wp\/v2\/posts"}],"about":[{"href":"https:\/\/linitiative.ca\/International\/wp-json\/wp\/v2\/types\/post"}],"author":[{"embeddable":true,"href":"https:\/\/linitiative.ca\/International\/wp-json\/wp\/v2\/users\/1787"}],"replies":[{"embeddable":true,"href":"https:\/\/linitiative.ca\/International\/wp-json\/wp\/v2\/comments?post=111319"}],"version-history":[{"count":0,"href":"https:\/\/linitiative.ca\/International\/wp-json\/wp\/v2\/posts\/111319\/revisions"}],"wp:attachment":[{"href":"https:\/\/linitiative.ca\/International\/wp-json\/wp\/v2\/media?parent=111319"}],"wp:term":[{"taxonomy":"category","embeddable":true,"href":"https:\/\/linitiative.ca\/International\/wp-json\/wp\/v2\/categories?post=111319"},{"taxonomy":"post_tag","embeddable":true,"href":"https:\/\/linitiative.ca\/International\/wp-json\/wp\/v2\/tags?post=111319"}],"curies":[{"name":"wp","href":"https:\/\/api.w.org\/{rel}","templated":true}]}}