{"id":111321,"date":"2021-02-15T11:18:51","date_gmt":"2021-02-15T16:18:51","guid":{"rendered":"https:\/\/linitiative.ca\/International\/coronavirus-le-couvre-feu-et-les-restrictions-en-vigueur-prolonges-de-2-semaines-supplementaires\/"},"modified":"2021-02-15T11:18:51","modified_gmt":"2021-02-15T16:18:51","slug":"coronavirus-le-couvre-feu-et-les-restrictions-en-vigueur-prolonges-de-2-semaines-supplementaires","status":"publish","type":"post","link":"https:\/\/linitiative.ca\/International\/coronavirus-le-couvre-feu-et-les-restrictions-en-vigueur-prolonges-de-2-semaines-supplementaires\/","title":{"rendered":"Coronavirus :  le couvre-feu et les restrictions en vigueur prolong\u00e9s de 2 semaines suppl\u00e9mentaires"},"content":{"rendered":"<p><strong>Dans le cadre de la lutte contre la pand\u00e9mie du coronavirus, le couvre-feu et les restrictions en vigueur viennent d\u2019\u00eatre prolong\u00e9s de 2 semaines suppl\u00e9mentaires.<\/strong><\/p>\n<div class=\"c10\">\n<\/div>\n<p>Le gouvernement a d\u00e9cid\u00e9 de prolonger de deux semaines, \u00e0 compter du mardi 16 f\u00e9vrier \u00e0 21H, les mesures de pr\u00e9caution adopt\u00e9es le 13 janvier dernier pour lutter contre le nouveau coronavirus (Covid-19). Il est \u00e0 noter que cette d\u00e9cision intervient sur la base des recommandations de la Commission scientifique et technique concernant la n\u00e9cessit\u00e9 de maintenir les mesures n\u00e9cessaires pour lutter contre le coronavirus.<\/p>\n<p><strong>Lire aussi| <a href=\"https:\/\/www.challenge.ma\/aziz-bouslamti-president-du-gppem-les-demandes-deposees-par-le-gppem-aupres-des-autorites-pour-une-reprise-des-activites-de-notre-secteur-sont-restees-sans-suites-175304\/\">Aziz Bouslamti, pr\u00e9sident du GPPEM : \u00ab Les demandes d\u00e9pos\u00e9es par le GPPEM aupr\u00e8s des autorit\u00e9s pour une reprise des activit\u00e9s de notre secteur sont rest\u00e9es sans suites \u00bb<\/a><\/strong><\/p>\n<p>L\u2019Ex\u00e9cutif assure que cette prolongation intervient \u00e9galement apr\u00e8s l\u2019\u00e9volution de cette pand\u00e9mie au niveau mondial suite \u00e0 l\u2019apparition de nouvelles variantes du virus et qu\u2019elle s\u2019inscrit aussi dans le cadre des efforts continus pour circonscrire la propagation de l\u2019\u00e9pid\u00e9mie et limiter ses r\u00e9percussions n\u00e9gatives.<\/p>\n<p><strong>Lire aussi| <a href=\"https:\/\/www.challenge.ma\/maroc-nouveau-programme-pour-dynamiser-les-startups-industrielles-175316\/\">Maroc : nouveau programme pour dynamiser les startups industrielles<\/a><\/strong><\/p>\n<p>Auteur: challenge<br \/>\n<a href=\"https:\/\/www.challenge.ma\/coronavirus-le-couvre-feu-et-les-restrictions-en-vigueur-prolonges-de-2-semaines-supplementaires-175354\/\">Cliquez ici pour lire l&rsquo;article depuis sa source.<\/a><\/p>\n","protected":false},"excerpt":{"rendered":"<p>Dans le cadre de la lutte contre la pand\u00e9mie du coronavirus, le couvre-feu et les restrictions en vigueur viennent d\u2019\u00eatre prolong\u00e9s de 2 semaines suppl\u00e9mentaires. Le gouvernement a d\u00e9cid\u00e9 de prolonger de deux semaines, \u00e0 compter du mardi 16 f\u00e9vrier \u00e0 21H, les mesures de pr\u00e9caution adopt\u00e9es le 13 janvier dernier pour lutter contre le [&hellip;]<\/p>\n","protected":false},"author":1787,"featured_media":0,"comment_status":"closed","ping_status":"closed","sticky":false,"template":"","format":"standard","meta":{"fifu_image_url":"","fifu_image_alt":"","footnotes":""},"categories":[78,54],"tags":[],"class_list":["post-111321","post","type-post","status-publish","format-standard","hentry","category-economie","category-maroc"],"_links":{"self":[{"href":"https:\/\/linitiative.ca\/International\/wp-json\/wp\/v2\/posts\/111321","targetHints":{"allow":["GET"]}}],"collection":[{"href":"https:\/\/linitiative.ca\/International\/wp-json\/wp\/v2\/posts"}],"about":[{"href":"https:\/\/linitiative.ca\/International\/wp-json\/wp\/v2\/types\/post"}],"author":[{"embeddable":true,"href":"https:\/\/linitiative.ca\/International\/wp-json\/wp\/v2\/users\/1787"}],"replies":[{"embeddable":true,"href":"https:\/\/linitiative.ca\/International\/wp-json\/wp\/v2\/comments?post=111321"}],"version-history":[{"count":0,"href":"https:\/\/linitiative.ca\/International\/wp-json\/wp\/v2\/posts\/111321\/revisions"}],"wp:attachment":[{"href":"https:\/\/linitiative.ca\/International\/wp-json\/wp\/v2\/media?parent=111321"}],"wp:term":[{"taxonomy":"category","embeddable":true,"href":"https:\/\/linitiative.ca\/International\/wp-json\/wp\/v2\/categories?post=111321"},{"taxonomy":"post_tag","embeddable":true,"href":"https:\/\/linitiative.ca\/International\/wp-json\/wp\/v2\/tags?post=111321"}],"curies":[{"name":"wp","href":"https:\/\/api.w.org\/{rel}","templated":true}]}}