{"id":111323,"date":"2021-02-15T15:29:40","date_gmt":"2021-02-15T20:29:40","guid":{"rendered":"https:\/\/linitiative.ca\/International\/tunisie-decouverte-du-cadavre-dun-adulte-dans-le-bassin-du-port-de-peche-de-sousse\/"},"modified":"2021-02-15T15:29:40","modified_gmt":"2021-02-15T20:29:40","slug":"tunisie-decouverte-du-cadavre-dun-adulte-dans-le-bassin-du-port-de-peche-de-sousse","status":"publish","type":"post","link":"https:\/\/linitiative.ca\/International\/tunisie-decouverte-du-cadavre-dun-adulte-dans-le-bassin-du-port-de-peche-de-sousse\/","title":{"rendered":"Tunisie \u2013 D\u00e9couverte du cadavre d\u2019un adulte dans le bassin du port de p\u00eache de Sousse"},"content":{"rendered":"<div>\n<p>Les p\u00eacheurs ont d\u00e9couvert, ce lundi, le cadavre immerg\u00e9 d\u2019un adulte, dans les bassins du port de p\u00eache de Sousse. Les hommes grenouille de la protection civile se sont d\u00e9p\u00each\u00e9s de le rep\u00eacher, avant de le transf\u00e9rer vers l\u2019h\u00f4pital, sur ordre du parquet, pour d\u00e9terminer les causes du d\u00e9c\u00e8s apr\u00e8s identification de la victime.<\/p>\n<p>L\u2019article <a href=\"https:\/\/www.tunisienumerique.com\/tunisie-decouverte-du-cadavre-dun-adulte-dans-le-bassin-du-port-de-peche-de-sousse\/\">Tunisie \u2013 D\u00e9couverte du cadavre d\u2019un adulte dans le bassin du port de p\u00eache de Sousse<\/a> est apparu en premier sur <a href=\"https:\/\/www.tunisienumerique.com\/\">Tunisie Num\u00e9rique<\/a>.<\/p>\n<\/div>\n<p>Auteur: LM<br \/>\n<a href=\"https:\/\/www.tunisienumerique.com\/tunisie-decouverte-du-cadavre-dun-adulte-dans-le-bassin-du-port-de-peche-de-sousse\/\">Cliquez ici pour lire l&rsquo;article depuis sa source.<\/a><\/p>\n","protected":false},"excerpt":{"rendered":"<p>Les p\u00eacheurs ont d\u00e9couvert, ce lundi, le cadavre immerg\u00e9 d\u2019un adulte, dans les bassins du port de p\u00eache de Sousse. Les hommes grenouille de la protection civile se sont d\u00e9p\u00each\u00e9s de le rep\u00eacher, avant de le transf\u00e9rer vers l\u2019h\u00f4pital, sur ordre du parquet, pour d\u00e9terminer les causes du d\u00e9c\u00e8s apr\u00e8s identification de la victime. L\u2019article [&hellip;]<\/p>\n","protected":false},"author":1789,"featured_media":0,"comment_status":"closed","ping_status":"closed","sticky":false,"template":"","format":"standard","meta":{"fifu_image_url":"","fifu_image_alt":"","footnotes":""},"categories":[73,55],"tags":[],"class_list":["post-111323","post","type-post","status-publish","format-standard","hentry","category-actualite","category-tunisie"],"_links":{"self":[{"href":"https:\/\/linitiative.ca\/International\/wp-json\/wp\/v2\/posts\/111323","targetHints":{"allow":["GET"]}}],"collection":[{"href":"https:\/\/linitiative.ca\/International\/wp-json\/wp\/v2\/posts"}],"about":[{"href":"https:\/\/linitiative.ca\/International\/wp-json\/wp\/v2\/types\/post"}],"author":[{"embeddable":true,"href":"https:\/\/linitiative.ca\/International\/wp-json\/wp\/v2\/users\/1789"}],"replies":[{"embeddable":true,"href":"https:\/\/linitiative.ca\/International\/wp-json\/wp\/v2\/comments?post=111323"}],"version-history":[{"count":0,"href":"https:\/\/linitiative.ca\/International\/wp-json\/wp\/v2\/posts\/111323\/revisions"}],"wp:attachment":[{"href":"https:\/\/linitiative.ca\/International\/wp-json\/wp\/v2\/media?parent=111323"}],"wp:term":[{"taxonomy":"category","embeddable":true,"href":"https:\/\/linitiative.ca\/International\/wp-json\/wp\/v2\/categories?post=111323"},{"taxonomy":"post_tag","embeddable":true,"href":"https:\/\/linitiative.ca\/International\/wp-json\/wp\/v2\/tags?post=111323"}],"curies":[{"name":"wp","href":"https:\/\/api.w.org\/{rel}","templated":true}]}}