{"id":111326,"date":"2021-02-15T16:38:03","date_gmt":"2021-02-15T21:38:03","guid":{"rendered":"https:\/\/linitiative.ca\/International\/a-la-veille-de-la-campagne-de-vaccination-on-ne-sait-pas-qui-on-va-vacciner-et-on-ne-veut-pas-le-savoir\/"},"modified":"2021-02-15T16:38:03","modified_gmt":"2021-02-15T21:38:03","slug":"a-la-veille-de-la-campagne-de-vaccination-on-ne-sait-pas-qui-on-va-vacciner-et-on-ne-veut-pas-le-savoir","status":"publish","type":"post","link":"https:\/\/linitiative.ca\/International\/a-la-veille-de-la-campagne-de-vaccination-on-ne-sait-pas-qui-on-va-vacciner-et-on-ne-veut-pas-le-savoir\/","title":{"rendered":"A la veille de la campagne de vaccination, on ne sait pas qui on va vacciner\u2026 Et on ne veut pas le savoir\u00a0!"},"content":{"rendered":"<div class=\"post-cont-in left relative\">\n<div id=\"post-info-wrap\" class=\"left relative post-info-out\">\n<div class=\"post-info-img left relative\"><img loading=\"lazy\" decoding=\"async\" alt=\"\" src=\"https:\/\/secure.gravatar.com\/avatar\/96253f4a657b482a18e837c1252096c2?s=50&amp;d=mm&amp;r=g\" srcset=\"https:\/\/secure.gravatar.com\/avatar\/96253f4a657b482a18e837c1252096c2?s=100&amp;d=mm&amp;r=g 2x\" class=\"avatar avatar-50 photo\" height=\"50\" width=\"50\"\/><\/div>\n<div class=\"post-info-in\">\n<div class=\"post-info-right left relative post-info-name left relative\"><span><span class=\"post-info-text\">Par<\/span> <span class=\"author-name vcard fn author\"><a href=\"https:\/\/www.tunisienumerique.com\/author\/saber\/\" title=\"Articles par Saber .\" rel=\"author\">Saber .<\/a><\/span><\/span> <span class=\"post-date updated\"><time class=\"post-date updated\" datetime=\"2021-02-15\">\u00a0| Il y a 2 minutes<\/time><\/span><br \/>\n<meta itemprop=\"dateModified\" content=\"2021-02-15\"\/><\/div>\n<div class=\"left relative\"><button id=\"listenButton1\" class=\"responsivevoice-button\" type=\"button\" value=\"Play\" title=\"\u00c9coutez l'article\"><span>\ud83d\udd0a \u00c9coutez l&rsquo;article<\/span><\/button>\n<\/div>\n<\/div>\n<\/div>\n<p>D\u00e9cid\u00e9ment, on est en droit de se demander quelle mouche a piqu\u00e9 Mechichi, pour renoncer au remplacement de son ministre de la sant\u00e9. Et ce, pour plusieurs raisons. D\u2019abord, il ne risque pas de trouver quelqu\u2019un pour g\u00e9rer la pand\u00e9mie d\u2019une fa\u00e7on aussi catastrophique. Et, ensuite, parce que ce ministre se proclame du camp oppos\u00e9 \u00e0 celui du chef du gouvernement. Et dans ce cas, la d\u00e9tention de dossiers aussi vitaux le rend redoutable.<\/p>\n<div class=\"code-block code-block-1 c4\">\n <ins class=\"adsbygoogle c3\" data-ad-layout=\"in-article\" data-ad-format=\"fluid\" data-ad-client=\"ca-pub-2102118777505746\" data-ad-slot=\"7301775417\"\/>\n<\/div>\n<p>Pour revenir \u00e0 la gestion de la pand\u00e9mie, on ne peut pas ne pas \u00eatre interpell\u00e9s par les chiffres publi\u00e9s tout \u00e0 l\u2019heure, par le minist\u00e8re de la sant\u00e9. Imaginez, \u00e0 peine 31 d\u00e9c\u00e8s et 305 nouveaux cas enregistr\u00e9s les derni\u00e8res 24 heures. Si certains sont tent\u00e9s d\u2019exploiter ces chiffres comme des exploits, on ne peut pas s\u2019emp\u00eacher de constater qu\u2019ils ne refl\u00e8tent que d\u2019incurables insuffisances du minist\u00e8re de la sant\u00e9. Car pour comprendre la vraie signification de ces chiffres, il faudrait les lire en int\u00e9gralit\u00e9, avec le reste des donn\u00e9es. ET ces donn\u00e9es disent qu\u2019on n\u2019a effectu\u00e9, durant les 24 derni\u00e8res heures que 1830 tests virologiques, apr\u00e8s des moyennes journali\u00e8res de plus de 5000. Et, le malheur c\u2019est qu\u2019on n\u2019en est pas \u00e0 une premi\u00e8re fois, car \u00e7\u00e0 a, toujours \u00e9t\u00e9 le cas, tous les dimanches que le bon Dieu a fait, depuis le d\u00e9but des mois. Car pour Monsieur le ministre, le weekend est sacr\u00e9, et il n\u2019est pas question, quelle que soit l\u2019urgence de se priver ou de priver son personne du weekend. Et quand on lib\u00e8re son personnel pour le weekend, on n\u2019effectue, forc\u00e9ment, pas le nombre de test n\u00e9cessaires\u00a0!<\/p>\n<p>Et si \u00e7\u00e0 a, toujours \u00e9t\u00e9 ainsi, cette nonchalance, en ce moment pr\u00e9cis et en cette p\u00e9riode critique de veille du d\u00e9but de la vaccination, prend une dimension dramatique. Car cela veut, tout simplement, dire que Monsieur le ministre va vacciner sans savoir qui il va vacciner, ni le statut s\u00e9rologique de ceux qu\u2019il va vacciner. On dirait qu\u2019il d\u00e9tient quelques 25 millions de doses, pour avoir d\u00e9cid\u00e9 de vacciner la totalit\u00e9 de la population. Or, en ne poss\u00e9dant que quelques milliers de doses, il s\u2019agirait de savoir les utiliser \u00e0 bon escient. Et on ne peut pas dire que c\u2019est le cas quand on va vacciner des gens dont on ne sait pas s\u2019ils ont \u00e9t\u00e9 infect\u00e9 ou non par le virus. Et il est impossible de le savoir sans des tests pratiqu\u00e9s en bonne et due forme, puisque plus que 90% des infections ont \u00e9t\u00e9 totalement asymptomatiques.<\/p>\n<p>Et le plus beau, c\u2019est que Monsieur le ministre sait tout cela, comme il sait qu\u2019il n\u2019a pas que les 223 000 cas d\u00e9clar\u00e9s officiellement, puisqu\u2019il a reconnu, lui-m\u00eame que 30% de la population tunisienne a \u00e9t\u00e9 immunis\u00e9e de fa\u00e7on naturelle, c\u2019est-\u00e0-dire en attrapant le virus. Or, il ne dispose pas de moyens pour savoir qui sont ces 3 millions et demi de personnes immunis\u00e9es, et qu\u2019ils se trouveront parmi les personnes qui vont se pr\u00e9senter \u00e0 la vaccination. Ce qui \u00e9quivaudrait \u00e0 un gaspillage monstre de ces doses si ch\u00e8rement acquises.<\/p>\n<p>Or, il semble que ce dilemme n\u2019en pr\u00e9sente pas un pour Monsieur le ministre qui persiste \u00e0 donner leur weekend \u00e0 son personnel charg\u00e9 des tests virologiques, m\u00eame en cette p\u00e9riode critique, o\u00f9 il devient crucial de connaitre le statut s\u00e9rologique d\u2019un maximum de tunisiens. Et, donc, o\u00f9 il faudrait pratiquer un maximum de pr\u00e9l\u00e8vements tous les jours, pour pouvoir, au moins, se faire une id\u00e9e pr\u00e9cise de la situation r\u00e9elle\u00a0!<\/p>\n<p>Allah yehdik, Monsieur Mechichi\u00a0!<\/p>\n<div class=\"swp_social_panel swp_horizontal_panel swp_flat_fresh swp_default_full_color swp_individual_full_color swp_other_full_color scale-100 scale-\" data-min-width=\"1100\" data-float-color=\"#ffffff\" data-float=\"bottom\" data-float-mobile=\"bottom\" data-transition=\"slide\">\n<div class=\"nc_tweetContainer swp_share_button total_shares total_sharesalt\"><span class=\"swp_count\">0 <span class=\"swp_label\">Partages<\/span><\/span><\/div>\n<\/div>\n<p><strong>Que se passe-t-il en Tunisie?<\/strong><br \/>Nous expliquons sur notre <a href=\"https:\/\/www.youtube.com\/channel\/UCRzypVq0B_yBad5eGrwBx0Q?sub_confirmation=1\" target=\"_blank\" rel=\"noopener\">cha\u00eene YouTube<\/a> . <a href=\"https:\/\/www.youtube.com\/channel\/UCRzypVq0B_yBad5eGrwBx0Q?sub_confirmation=1\" target=\"_blank\" rel=\"noopener\">Abonnez-vous!<\/a><\/p>\n<div class=\"mvp-org-wrap\" itemprop=\"publisher\">\n<div class=\"mvp-org-logo\" itemprop=\"logo\"><img decoding=\"async\" src=\"https:\/\/www.tunisienumerique.com\/wp-content\/uploads\/2017\/02\/logo_tunisie_numerique.png\"\/><br \/>\n<meta itemprop=\"url\" content=\"https:\/\/www.tunisienumerique.com\/wp-content\/uploads\/2017\/02\/logo_tunisie_numerique.png\"\/><\/div>\n<p><meta content=\"Tunisie Num\u00e9rique\"\/><\/div>\n<div class=\"mvp-related-posts left relative\">\n<h4 class=\"post-header\"><span class=\"post-header\">Lire aussi<\/span><\/h4>\n<\/div>\n<div id=\"article-ad\">\n <ins class=\"adsbygoogle c5\" data-ad-client=\"ca-pub-2102118777505746\" data-ad-slot=\"6513972734\" data-ad-format=\"auto\" data-full-width-responsive=\"true\"\/>\n<\/div>\n<\/div>\n<div id=\"post-sidebar-wrap\">\n <ins class=\"adsbygoogle c5\" data-ad-client=\"ca-pub-2102118777505746\" data-ad-slot=\"6168283410\" data-ad-format=\"auto\" data-full-width-responsive=\"true\"\/>\n<\/div>\n<p>Auteur: Saber .<br \/>\n<a href=\"https:\/\/www.tunisienumerique.com\/a-la-veille-de-la-campagne-de-vaccination-on-ne-sait-pas-qui-on-va-vacciner-et-on-ne-veut-pas-le-savoir\/\">Cliquez ici pour lire l&rsquo;article depuis sa source.<\/a><\/p>\n","protected":false},"excerpt":{"rendered":"<p>Par Saber . \u00a0| Il y a 2 minutes \ud83d\udd0a \u00c9coutez l&rsquo;article D\u00e9cid\u00e9ment, on est en droit de se demander quelle mouche a piqu\u00e9 Mechichi, pour renoncer au remplacement de son ministre de la sant\u00e9. Et ce, pour plusieurs raisons. D\u2019abord, il ne risque pas de trouver quelqu\u2019un pour g\u00e9rer la pand\u00e9mie d\u2019une fa\u00e7on aussi [&hellip;]<\/p>\n","protected":false},"author":1789,"featured_media":0,"comment_status":"closed","ping_status":"closed","sticky":false,"template":"","format":"standard","meta":{"fifu_image_url":"https:\/\/secure.gravatar.com\/avatar\/96253f4a657b482a18e837c1252096c2?s=50&d=mm&r=g","fifu_image_alt":"A la veille de la campagne de vaccination, on ne sait pas qui on va vacciner\u2026 Et on ne veut pas le savoir\u00a0!","footnotes":""},"categories":[73,55],"tags":[],"class_list":["post-111326","post","type-post","status-publish","format-standard","hentry","category-actualite","category-tunisie"],"_links":{"self":[{"href":"https:\/\/linitiative.ca\/International\/wp-json\/wp\/v2\/posts\/111326","targetHints":{"allow":["GET"]}}],"collection":[{"href":"https:\/\/linitiative.ca\/International\/wp-json\/wp\/v2\/posts"}],"about":[{"href":"https:\/\/linitiative.ca\/International\/wp-json\/wp\/v2\/types\/post"}],"author":[{"embeddable":true,"href":"https:\/\/linitiative.ca\/International\/wp-json\/wp\/v2\/users\/1789"}],"replies":[{"embeddable":true,"href":"https:\/\/linitiative.ca\/International\/wp-json\/wp\/v2\/comments?post=111326"}],"version-history":[{"count":0,"href":"https:\/\/linitiative.ca\/International\/wp-json\/wp\/v2\/posts\/111326\/revisions"}],"wp:attachment":[{"href":"https:\/\/linitiative.ca\/International\/wp-json\/wp\/v2\/media?parent=111326"}],"wp:term":[{"taxonomy":"category","embeddable":true,"href":"https:\/\/linitiative.ca\/International\/wp-json\/wp\/v2\/categories?post=111326"},{"taxonomy":"post_tag","embeddable":true,"href":"https:\/\/linitiative.ca\/International\/wp-json\/wp\/v2\/tags?post=111326"}],"curies":[{"name":"wp","href":"https:\/\/api.w.org\/{rel}","templated":true}]}}