{"id":111327,"date":"2021-02-15T16:57:47","date_gmt":"2021-02-15T21:57:47","guid":{"rendered":"https:\/\/linitiative.ca\/International\/sfax-le-president-de-lunion-regionale-de-lagriculture-et-de-la-peche-tire-la-sonnette-dalarme\/"},"modified":"2021-02-15T16:57:47","modified_gmt":"2021-02-15T21:57:47","slug":"sfax-le-president-de-lunion-regionale-de-lagriculture-et-de-la-peche-tire-la-sonnette-dalarme","status":"publish","type":"post","link":"https:\/\/linitiative.ca\/International\/sfax-le-president-de-lunion-regionale-de-lagriculture-et-de-la-peche-tire-la-sonnette-dalarme\/","title":{"rendered":"Sfax : Le pr\u00e9sident de l\u2019Union R\u00e9gionale de l\u2019Agriculture et de la P\u00eache tire la sonnette d\u2019alarme"},"content":{"rendered":"<div class=\"post-cont-in left relative\">\n<div id=\"post-info-wrap\" class=\"left relative post-info-out\">\n<div class=\"post-info-img left relative\"><img loading=\"lazy\" decoding=\"async\" alt=\"\" src=\"https:\/\/secure.gravatar.com\/avatar\/ea481d7287ad38ca1787f44b5bb1b70e?s=50&amp;d=mm&amp;r=g\" srcset=\"https:\/\/secure.gravatar.com\/avatar\/ea481d7287ad38ca1787f44b5bb1b70e?s=100&amp;d=mm&amp;r=g 2x\" class=\"avatar avatar-50 photo\" height=\"50\" width=\"50\"\/><\/div>\n<div class=\"post-info-in\">\n<div class=\"post-info-right left relative post-info-name left relative\"><span><span class=\"post-info-text\">Par<\/span> <span class=\"author-name vcard fn author\"><a href=\"https:\/\/www.tunisienumerique.com\/author\/rania-ben-slimane\/\" title=\"Articles par rania ben slimane\" rel=\"author\">rania ben slimane<\/a><\/span><\/span> <span class=\"post-date updated\"><time class=\"post-date updated\" datetime=\"2021-02-15\">\u00a0| Il y a 23 secondes<\/time><\/span><br \/>\n<meta itemprop=\"dateModified\" content=\"2021-02-15\"\/><\/div>\n<div class=\"left relative\"><button id=\"listenButton1\" class=\"responsivevoice-button\" type=\"button\" value=\"Play\" title=\"\u00c9coutez l'article\"><span>\ud83d\udd0a \u00c9coutez l&rsquo;article<\/span><\/button>\n<\/div>\n<\/div>\n<\/div>\n<p>Le pr\u00e9sident de l\u2019Union R\u00e9gionale de l\u2019Agriculture et de la P\u00e8che de Sfax, Abderrazek Krichene a annonc\u00e9 au correspondant de Tunisienum\u00e9rique dans la r\u00e9gion que le port de Sidi Mansour n\u2019est plus adapt\u00e9 \u00e0 la p\u00eache en raison de la d\u00e9t\u00e9rioration de son infrastructure, ajoutant qu\u2019il a \u00e9t\u00e9 construit en 1980.<\/p>\n<div class=\"code-block code-block-1 c4\">\n <ins class=\"adsbygoogle c3\" data-ad-layout=\"in-article\" data-ad-format=\"fluid\" data-ad-client=\"ca-pub-2102118777505746\" data-ad-slot=\"7301775417\"\/>\n<\/div>\n<p>Krichene a \u00e9galement pr\u00e9cis\u00e9 que ce port est d\u00e9muni, d\u00e8s le d\u00e9part, d\u2019eau potable, d\u2019\u00e9lectricit\u00e9 et de poste de Garde Nationale, estimant son exploitation non r\u00e9glement\u00e9e.<\/p>\n<p>Il a en outre mis l\u2019accent sur un probl\u00e8me technique, celui de la gestion de la mar\u00e9e, expliquant que lorsque la mar\u00e9e est basse, le stationnement des chalutiers au quai du port est impossible.<\/p>\n<p>Le responsable a soulign\u00e9 l\u2019importance de l\u2019expansion et de l\u2019am\u00e9nagement du port, indiquant qu\u2019une \u00e9tude de projet a \u00e9t\u00e9 men\u00e9e dans ce sens il y a 3 ans, proposant plusieurs solutions, dont l\u2019expansion et l\u2019am\u00e9nagement du port.<\/p>\n<p>Dans le m\u00eame contexte, Krichene a annonc\u00e9 la mise en \u0153uvre d\u2019une partie des travaux prochainement, estimant que l\u2019expansion est impossible car \u00ab <em>ils ne veulent pas se laisser prendre dans l\u2019engrenage avec l\u2019ANPE et l\u2019ANGED<\/em> \u00bb.<\/p>\n<p>\u00ab\u00a0<em>Nous n\u2019avons pas de ports, aujourd\u2019hui les Ports de Jaboussa et Sidi Youssef sont des \u00ab OUKALAS<\/em>\u00a0\u00bb <em>sans portes<\/em> \u00bb a-t-il martel\u00e9. En effet, ces ports ne sont pas s\u00e9curis\u00e9s et constituent des foyers de criminalit\u00e9 et des points d\u2019immigration clandestine.<\/p>\n<p>Quant \u00e0 la question de l\u2019utilisation des terminaux GPS, le responsable a d\u00e9clar\u00e9 que l\u2019Union R\u00e9gionale a sign\u00e9 un accord avec le minist\u00e8re de l\u2019Agriculture en date du 28 novembre 2018, relatif aux pr\u00e9occupations des fournisseurs des terminaux, mais les autorit\u00e9s se sont retir\u00e9es.<\/p>\n<p>Face \u00e0 cette volte-face, la col\u00e8re des propri\u00e9taires de chalutiers monte d\u2019un cran chaque jour et le pr\u00e9sident de l\u2019Union R\u00e9gionale de l\u2019Agriculture et de la P\u00eache a exprim\u00e9 son soutien inconditionnel aux affili\u00e9s de l\u2019organisation jusqu\u2019\u00e0 la satisfaction de leurs demandes l\u00e9gitimes.<\/p>\n<p>OUKALAS: des logements pr\u00e9caires<\/p>\n<p>Lien de la vid\u00e9o: https:\/\/fb.watch\/3GEJrpS5D8\/<\/p>\n<div class=\"swp_social_panel swp_horizontal_panel swp_flat_fresh swp_default_full_color swp_individual_full_color swp_other_full_color scale-100 scale-\" data-min-width=\"1100\" data-float-color=\"#ffffff\" data-float=\"bottom\" data-float-mobile=\"bottom\" data-transition=\"slide\">\n<div class=\"nc_tweetContainer swp_share_button total_shares total_sharesalt\"><span class=\"swp_count\">0 <span class=\"swp_label\">Partages<\/span><\/span><\/div>\n<\/div>\n<p><strong>Que se passe-t-il en Tunisie?<\/strong><br \/>Nous expliquons sur notre <a href=\"https:\/\/www.youtube.com\/channel\/UCRzypVq0B_yBad5eGrwBx0Q?sub_confirmation=1\" target=\"_blank\" rel=\"noopener\">cha\u00eene YouTube<\/a> . <a href=\"https:\/\/www.youtube.com\/channel\/UCRzypVq0B_yBad5eGrwBx0Q?sub_confirmation=1\" target=\"_blank\" rel=\"noopener\">Abonnez-vous!<\/a><\/p>\n<div class=\"mvp-org-wrap\" itemprop=\"publisher\">\n<div class=\"mvp-org-logo\" itemprop=\"logo\"><img decoding=\"async\" src=\"https:\/\/www.tunisienumerique.com\/wp-content\/uploads\/2017\/02\/logo_tunisie_numerique.png\"\/><br \/>\n<meta itemprop=\"url\" content=\"https:\/\/www.tunisienumerique.com\/wp-content\/uploads\/2017\/02\/logo_tunisie_numerique.png\"\/><\/div>\n<p><meta content=\"Tunisie Num\u00e9rique\"\/><\/div>\n<div class=\"mvp-related-posts left relative\">\n<h4 class=\"post-header\"><span class=\"post-header\">Lire aussi<\/span><\/h4>\n<\/div>\n<div id=\"article-ad\">\n <ins class=\"adsbygoogle c5\" data-ad-client=\"ca-pub-2102118777505746\" data-ad-slot=\"6513972734\" data-ad-format=\"auto\" data-full-width-responsive=\"true\"\/>\n<\/div>\n<\/div>\n<div id=\"post-sidebar-wrap\">\n <ins class=\"adsbygoogle c5\" data-ad-client=\"ca-pub-2102118777505746\" data-ad-slot=\"6168283410\" data-ad-format=\"auto\" data-full-width-responsive=\"true\"\/>\n<\/div>\n<p>Auteur: rania ben slimane<br \/>\n<a href=\"https:\/\/www.tunisienumerique.com\/sfax-le-president-de-lunion-regionale-de-lagriculture-et-de-la-peche-tire-la-sonnette-dalarme\/\">Cliquez ici pour lire l&rsquo;article depuis sa source.<\/a><\/p>\n","protected":false},"excerpt":{"rendered":"<p>Par rania ben slimane \u00a0| Il y a 23 secondes \ud83d\udd0a \u00c9coutez l&rsquo;article Le pr\u00e9sident de l\u2019Union R\u00e9gionale de l\u2019Agriculture et de la P\u00e8che de Sfax, Abderrazek Krichene a annonc\u00e9 au correspondant de Tunisienum\u00e9rique dans la r\u00e9gion que le port de Sidi Mansour n\u2019est plus adapt\u00e9 \u00e0 la p\u00eache en raison de la d\u00e9t\u00e9rioration de [&hellip;]<\/p>\n","protected":false},"author":1789,"featured_media":0,"comment_status":"closed","ping_status":"closed","sticky":false,"template":"","format":"standard","meta":{"fifu_image_url":"https:\/\/secure.gravatar.com\/avatar\/ea481d7287ad38ca1787f44b5bb1b70e?s=50&d=mm&r=g","fifu_image_alt":"Sfax : Le pr\u00e9sident de l\u2019Union R\u00e9gionale de l\u2019Agriculture et de la P\u00eache tire la sonnette d\u2019alarme","footnotes":""},"categories":[73,55],"tags":[],"class_list":["post-111327","post","type-post","status-publish","format-standard","hentry","category-actualite","category-tunisie"],"_links":{"self":[{"href":"https:\/\/linitiative.ca\/International\/wp-json\/wp\/v2\/posts\/111327","targetHints":{"allow":["GET"]}}],"collection":[{"href":"https:\/\/linitiative.ca\/International\/wp-json\/wp\/v2\/posts"}],"about":[{"href":"https:\/\/linitiative.ca\/International\/wp-json\/wp\/v2\/types\/post"}],"author":[{"embeddable":true,"href":"https:\/\/linitiative.ca\/International\/wp-json\/wp\/v2\/users\/1789"}],"replies":[{"embeddable":true,"href":"https:\/\/linitiative.ca\/International\/wp-json\/wp\/v2\/comments?post=111327"}],"version-history":[{"count":0,"href":"https:\/\/linitiative.ca\/International\/wp-json\/wp\/v2\/posts\/111327\/revisions"}],"wp:attachment":[{"href":"https:\/\/linitiative.ca\/International\/wp-json\/wp\/v2\/media?parent=111327"}],"wp:term":[{"taxonomy":"category","embeddable":true,"href":"https:\/\/linitiative.ca\/International\/wp-json\/wp\/v2\/categories?post=111327"},{"taxonomy":"post_tag","embeddable":true,"href":"https:\/\/linitiative.ca\/International\/wp-json\/wp\/v2\/tags?post=111327"}],"curies":[{"name":"wp","href":"https:\/\/api.w.org\/{rel}","templated":true}]}}