{"id":111328,"date":"2021-02-15T14:07:45","date_gmt":"2021-02-15T19:07:45","guid":{"rendered":"https:\/\/linitiative.ca\/International\/suspension-temporaire-du-traitement-des-dossiers-de-promotion-immobiliere-au-dela-des-mesures-cosmetiques\/"},"modified":"2021-02-15T14:07:45","modified_gmt":"2021-02-15T19:07:45","slug":"suspension-temporaire-du-traitement-des-dossiers-de-promotion-immobiliere-au-dela-des-mesures-cosmetiques","status":"publish","type":"post","link":"https:\/\/linitiative.ca\/International\/suspension-temporaire-du-traitement-des-dossiers-de-promotion-immobiliere-au-dela-des-mesures-cosmetiques\/","title":{"rendered":"SUSPENSION TEMPORAIRE DU TRAITEMENT DES DOSSIERS DE PROMOTION IMMOBILIERE: Au-del\u00e0 des mesures cosm\u00e9tiques\u2026"},"content":{"rendered":"<p class=\"c4\">Le ministre de l\u2019Urbanisme, de l\u2019habitat et de la ville, B\u00e9n\u00e9wend\u00e9 Sankara, dans une circulaire datant du 9 f\u00e9vrier\u00a0 dernier, a proc\u00e9d\u00e9 \u00e0 la suspension temporaire du traitement des dossiers de promotion immobili\u00e8re. Le ministre justifie la mesure par des \u00ab\u00a0<em>d\u00e9rives constat\u00e9es\u00a0<\/em>\u00bb dans la pratique de l\u2019activit\u00e9 de promotion immobili\u00e8re. La suspension du traitement des dossiers de promotion immobili\u00e8re vise, \u00e0 en croire le ministre, \u00e0 \u00ab\u00a0<em>apporter des r\u00e9ponses idoines<\/em>\u00a0\u00bb \u00e0 ces d\u00e9rives. Le ministre reconna\u00eet donc qu\u2019il y a des d\u00e9rives. Par ce mot, il faut entendre changement impr\u00e9vu et incontr\u00f4l\u00e9 d\u2019une situation. Il y a, par cons\u00e9quent, eu des entorses \u00e0 la norme. Et ces d\u00e9rapages sont dus \u00e0 un manque de contr\u00f4le. Deux manquements sont \u00e0 relever. Le premier est imputable aux promoteurs immobiliers en ce sens que ces derniers se sont donn\u00e9 la libert\u00e9 de tordre le cou aux textes. L\u2019autre manquement est le fait des agents charg\u00e9s de faire respecter les textes. Et ces personnes, visiblement, ont failli. Car, leur laxisme a permis \u00e0 des promoteurs immobiliers de marcher sur les textes. Leur responsabilit\u00e9 est donc engag\u00e9e. Et sous d\u2019autres cieux, ils r\u00e9pondraient de leurs actes devant des tribunaux.<\/p>\n<p class=\"c4\">C\u2019est clair et net. Des fonctionnaires du minist\u00e8re de l\u2019Urbanisme, de l\u2019habitat et de la ville ont fait montre de laxisme voire de connivence avec des promoteurs immobiliers. Le ministre est pr\u00e9venu. Pour autant qu\u2019il veuille v\u00e9ritablement apporter \u00ab\u00a0<em>des r\u00e9ponses idoines<\/em>\u00a0\u00bb aux d\u00e9rives, il doit obligatoirement secouer le cocotier de mani\u00e8re \u00e0 ch\u00e2tier non seulement les promoteurs immobiliers ind\u00e9licats, mais aussi \u00e0 s\u00e9vir contre les agents du minist\u00e8re qui ont failli \u00e0 leur devoir de contr\u00f4le. Cela est un imp\u00e9ratif cat\u00e9gorique. Mais la suspension temporaire du traitement des dossiers de promotion immobili\u00e8re, n\u2019est pas suffisante pour assainir le milieu.<\/p>\n<p class=\"c4\"><strong>Si l\u2019Etat s\u2019y prend mal, il s\u2019expose au risque d\u2019\u00eatre tra\u00een\u00e9 en Justice<\/strong><\/p>\n<p class=\"c4\">Il faut absolument revoir les textes qui permettent aux propri\u00e9taires terriens, de vendre les terres aux promoteurs immobiliers. Sous la R\u00e9volution, la l\u00e9gislation disposait que la terre appartenait \u00e0 l\u2019Etat. Et l\u2019on peut affirmer sans grand risque de se tromper que c\u2019est cette politique qui a permis \u00e0 bien des Burkinab\u00e8 de disposer de parcelle et cela \u00e0 un prix raisonnable. Sauf omission ou oubli de notre part, l\u2019on pouvait \u00eatre attributaire d\u2019une parcelle contre une somme inf\u00e9rieure \u00e0 100 000 F CFA. La R\u00e9volution avait certes des insuffisances, mais force est de reconna\u00eetre qu\u2019elle a permis \u00e0 des citoyens moyens voire pauvres d\u2019\u00eatre propri\u00e9taires de parcelle. Les choses ont commenc\u00e9 \u00e0 se g\u00e2ter quand la loi de 1984 a \u00e9t\u00e9 relue de sorte \u00e0 permettre aux propri\u00e9taires terriens de disposer de leur \u00ab\u00a0<em>patrimoine<\/em>\u00a0\u00bb comme ils veulent. D\u00e8s lors, l\u2019on a assist\u00e9 \u00e0 une ru\u00e9e des promoteurs immobiliers vers les terres. Et l\u2019on peut avoir l\u2019impression que c\u2019est un m\u00e9tier qui nourrit son homme.<\/p>\n<p class=\"c4\">En tout cas, bien des Burkinab\u00e8 sont dans la promotion immobili\u00e8re aujourd\u2019hui. Et au d\u00e9but de la cr\u00e9ation de ce m\u00e9tier, certains d\u2019entre eux se sont octroy\u00e9 des hectares et des hectares de terres et cela, moyennant des sommes d\u00e9risoires. En retour, ils ont parcellis\u00e9 ces terres et les ont revendues \u00e0 prix d\u2019or. Cette fa\u00e7on de se faire de l\u2019argent est tout simplement ind\u00e9cente. C\u2019est pourquoi il faut absolument agir de sorte \u00e0 mettre fin \u00e0 ces pratiques. Mais il faut reconna\u00eetre que le ministre Sankara aura du mal \u00e0 assainir le milieu.<\/p>\n<p class=\"c4\">Et il risque fort de finir comme Icare, c\u2019est-\u00e0-dire se br\u00fbler les ailes\u00a0; tant les accointances, les enjeux et les int\u00e9r\u00eats qui entourent le milieu de la promotion immobili\u00e8re, sont grands.<\/p>\n<p class=\"c4\">C\u2019est donc \u00e0 juste titre que les Burkinab\u00e8 consid\u00e8rent que le minist\u00e8re de Me B\u00e9n\u00e9wend\u00e9 Sankara est une patate chaude que Roch Marc Christian Kabor\u00e9 lui a r\u00e9fil\u00e9e. En tout cas, on attend de voir ce que le Sankariste qu\u2019il est, fera. Ira-t-il dans le sens des int\u00e9r\u00eats des promoteurs immobiliers au risque de perdre son \u00e2me\u00a0? Ou prendra-t-il fait et cause pour les int\u00e9r\u00eats du plus grand nombre au risque d\u2019attirer sur sa personne, les repr\u00e9sailles des magnats de la promotion immobili\u00e8re\u00a0? En tout cas, pour r\u00e9soudre l\u2019\u00e9pineuse question du foncier, il a int\u00e9r\u00eat \u00e0 aller au-del\u00e0 des mesures cosm\u00e9tiques.<\/p>\n<p class=\"c4\">D\u00e9j\u00e0, les promoteurs immobiliers peuvent brandir contre lui, le fait que leur activit\u00e9 est l\u00e9gale. Et ce n\u2019est pas faux. Si donc, l\u2019Etat s\u2019y prend mal, il s\u2019expose au risque d\u2019\u00eatre tra\u00een\u00e9 en Justice. Et comme on est dans un Etat de droit, cela peut co\u00fbter cher au pays. Il y a aussi que des forces politiques cach\u00e9es pourraient travailler \u00e0 mettre des b\u00e2tons dans les roues du ministre. Et parmi ces forces politiques cach\u00e9es, certaines pourraient appartenir \u00e0 la majorit\u00e9 comme lui. Il y a enfin le fait que la gestion du foncier est une question qui implique la chefferie traditionnelle. C\u2019est certainement pour ne pas se mettre \u00e0 dos cette institution, que le ministre Sankara a rencontr\u00e9, le 12 f\u00e9vrier dernier, le Mogho Naaba. En tout cas, tout le mal que l\u2019on lui souhaite est qu\u2019il puisse r\u00e9ussir sa mission et cela dans l\u2019int\u00e9r\u00eat bien compris des populations.<\/p>\n<p class=\"c4\"><strong>\u00a0<\/strong><\/p>\n<p class=\"c4\"><strong><em>Sidzabda<\/em><\/strong><\/p>\n<p>Auteur: Le Pays<br \/>\n<a href=\"https:\/\/lepays.bf\/suspension-temporaire-du-traitement-des-dossiers-de-promotion-immobiliere-au-dela-des-mesures-cosmetiques\/\">Cliquez ici pour lire l&rsquo;article depuis sa source.<\/a><\/p>\n","protected":false},"excerpt":{"rendered":"<p>Le ministre de l\u2019Urbanisme, de l\u2019habitat et de la ville, B\u00e9n\u00e9wend\u00e9 Sankara, dans une circulaire datant du 9 f\u00e9vrier\u00a0 dernier, a proc\u00e9d\u00e9 \u00e0 la suspension temporaire du traitement des dossiers de promotion immobili\u00e8re. Le ministre justifie la mesure par des \u00ab\u00a0d\u00e9rives constat\u00e9es\u00a0\u00bb dans la pratique de l\u2019activit\u00e9 de promotion immobili\u00e8re. La suspension du traitement des [&hellip;]<\/p>\n","protected":false},"author":1813,"featured_media":0,"comment_status":"closed","ping_status":"closed","sticky":false,"template":"","format":"standard","meta":{"fifu_image_url":"","fifu_image_alt":"","footnotes":""},"categories":[73,81],"tags":[],"class_list":["post-111328","post","type-post","status-publish","format-standard","hentry","category-actualite","category-burkina-faso"],"_links":{"self":[{"href":"https:\/\/linitiative.ca\/International\/wp-json\/wp\/v2\/posts\/111328","targetHints":{"allow":["GET"]}}],"collection":[{"href":"https:\/\/linitiative.ca\/International\/wp-json\/wp\/v2\/posts"}],"about":[{"href":"https:\/\/linitiative.ca\/International\/wp-json\/wp\/v2\/types\/post"}],"author":[{"embeddable":true,"href":"https:\/\/linitiative.ca\/International\/wp-json\/wp\/v2\/users\/1813"}],"replies":[{"embeddable":true,"href":"https:\/\/linitiative.ca\/International\/wp-json\/wp\/v2\/comments?post=111328"}],"version-history":[{"count":0,"href":"https:\/\/linitiative.ca\/International\/wp-json\/wp\/v2\/posts\/111328\/revisions"}],"wp:attachment":[{"href":"https:\/\/linitiative.ca\/International\/wp-json\/wp\/v2\/media?parent=111328"}],"wp:term":[{"taxonomy":"category","embeddable":true,"href":"https:\/\/linitiative.ca\/International\/wp-json\/wp\/v2\/categories?post=111328"},{"taxonomy":"post_tag","embeddable":true,"href":"https:\/\/linitiative.ca\/International\/wp-json\/wp\/v2\/tags?post=111328"}],"curies":[{"name":"wp","href":"https:\/\/api.w.org\/{rel}","templated":true}]}}