{"id":111329,"date":"2021-02-15T14:11:59","date_gmt":"2021-02-15T19:11:59","guid":{"rendered":"https:\/\/linitiative.ca\/International\/crise-politique-en-rdc-le-tout-nest-pas-de-nommer-un-premier-ministre\/"},"modified":"2021-02-15T14:11:59","modified_gmt":"2021-02-15T19:11:59","slug":"crise-politique-en-rdc-le-tout-nest-pas-de-nommer-un-premier-ministre","status":"publish","type":"post","link":"https:\/\/linitiative.ca\/International\/crise-politique-en-rdc-le-tout-nest-pas-de-nommer-un-premier-ministre\/","title":{"rendered":"CRISE POLITIQUE EN RDC : Le tout n\u2019est pas de nommer un Premier ministre\u2026"},"content":{"rendered":"<p class=\"c4\">La R\u00e9publique d\u00e9mocratique du Congo (RDC) a un nouveau Premier ministre. Il s\u2019appelle Sama\u00a0 Lukond\u00e9, Kyenge. D\u00e9sormais ex-Directeur de la <em>Gecamines<\/em>, c\u2019est lui qui succ\u00e8de \u00e0 Sylvestre Ilunga Ilunkamba pouss\u00e9 \u00e0\u00a0 la d\u00e9mission au d\u00e9but du mois en cours. Fini donc le suspense \u00e0 Kinshasa et ce, apr\u00e8s plusieurs semaines d\u2019\u00e2pres n\u00e9gociations. En effet, avant la confirmation de Sama Lukonde Kyenge \u00e0 la Primature, plusieurs autres noms avaient circul\u00e9. Il s\u2019agit de Modeste Bahati Lukwebo nomm\u00e9 <em>Informateur<\/em> par le pr\u00e9sident F\u00e9lix Tshis\u00e9kedi en vue de former une nouvelle majorit\u00e9. Et ce n\u2019est pas tout. Mo\u00efse Katumbi, l\u2019un des poids lourds de la sc\u00e8ne politique congolaise, a \u00e9t\u00e9 aussi approch\u00e9. Ce dernier, \u00e0 ce qu\u2019on dit, a d\u00e9clin\u00e9 l\u2019offre apr\u00e8s avoir vainement demand\u00e9 \u00e0 \u00e9changer en t\u00eate-\u00e0-t\u00eate avec le chef de l\u2019Etat <em>himself<\/em>. Mais en nommant Sama Lukonde Kyenge comme chef du gouvernement, le pr\u00e9sident Tshis\u00e9kedi a op\u00e9r\u00e9 un choix strat\u00e9gique, \u00e9tant donn\u00e9 que le nouveau promu, \u00e0 l\u2019instar de Mo\u00efse Katumbi, est un natif du grand Katanga. Faut-il y voir un calcul politique quand on sait que la pr\u00e9sidentielle de 2023 approche \u00e0 grands pas et que la bataille promet d\u2019\u00eatre rude\u00a0? Tout porte \u00e0 le croire. Car, s\u2019il est vrai que Mo\u00efse Katumbi a d\u00e9cid\u00e9 de rejoindre l\u2019Union sacr\u00e9e de Tshis\u00e9kedi, il ne faudra cependant pas s\u2019\u00e9tonner que celui-ci, tout comme Jean-Pierre Bemba, claque, quelques mois plus tard, la porte pour se porter candidat \u00e0 la prochaine pr\u00e9sidentielle.<\/p>\n<p class=\"c4\"><strong>Le nouveau Premier ministre n\u2019a pas droit \u00e0 l\u2019erreur<\/strong><\/p>\n<p class=\"c4\">C\u2019est dire donc que la nouvelle majorit\u00e9 qu\u2019appelle de tous ses v\u0153ux le pr\u00e9sident congolais, pourrait faire long feu. Car, au choc des ambitions, il faudra ajouter le difficile partage du g\u00e2teau qui ne manquera pas de cr\u00e9er des frictions. En tout cas, le tout n\u2019est pas de nommer un Premier ministre. Il faut plut\u00f4t travailler \u00e0 aplanir les divergences en harmonisant, autant que faire se peut, les ambitions de chaque composante de l\u2019Union sacr\u00e9e aussi bien sur le programme que sur la r\u00e9paration des postes. Sama Lukonde Kyenge que d\u2019aucuns pr\u00e9sentent comme un \u00ab\u00a0<em>homme int\u00e8gre\u00a0<\/em>\u00bb, y parviendra-t-il\u00a0? On attend de voir. Mais quand on sait que la nomination de Sama Lukonde Kyenge intervient dans un contexte \u00a0de crise politique marqu\u00e9 par la destitution de pro-Kabila, l\u2019on a envie de dire que le nouveau Premier ministre n\u2019a pas droit \u00e0 l\u2019erreur. Les Congolais attendent de lui des actions concr\u00e8tes. Car, de sa capacit\u00e9 \u00e0 travailler dans l\u2019int\u00e9r\u00eat sup\u00e9rieur du peuple, d\u00e9pendra la r\u00e9election de son mentor Tshis\u00e9kedi. Il a donc du pain sur la planche. Et apr\u00e8s le divorce avec le Front commun pour le Congo (FCC) de Joseph Kabila, le ma\u00eetre de Kinshasa et ses nouveaux alli\u00e9s n\u2019auront aucune excuse s\u2019ils n\u2019arrivent pas \u00e0 mettre convenablement en \u0153uvre leur programme de d\u00e9veloppement.<\/p>\n<p class=\"c4\"><strong>\u00a0<\/strong><\/p>\n<p class=\"c4\"><strong>\u00a0<\/strong><\/p>\n<p class=\"c4\"><strong>B.O<\/strong><\/p>\n<p>Auteur: Le Pays<br \/>\n<a href=\"https:\/\/lepays.bf\/crise-politique-en-rdc-le-tout-nest-pas-de-nommer-un-premier-ministre\/\">Cliquez ici pour lire l&rsquo;article depuis sa source.<\/a><\/p>\n","protected":false},"excerpt":{"rendered":"<p>La R\u00e9publique d\u00e9mocratique du Congo (RDC) a un nouveau Premier ministre. Il s\u2019appelle Sama\u00a0 Lukond\u00e9, Kyenge. D\u00e9sormais ex-Directeur de la Gecamines, c\u2019est lui qui succ\u00e8de \u00e0 Sylvestre Ilunga Ilunkamba pouss\u00e9 \u00e0\u00a0 la d\u00e9mission au d\u00e9but du mois en cours. Fini donc le suspense \u00e0 Kinshasa et ce, apr\u00e8s plusieurs semaines d\u2019\u00e2pres n\u00e9gociations. En effet, avant [&hellip;]<\/p>\n","protected":false},"author":1813,"featured_media":0,"comment_status":"closed","ping_status":"closed","sticky":false,"template":"","format":"standard","meta":{"fifu_image_url":"","fifu_image_alt":"","footnotes":""},"categories":[73,81],"tags":[],"class_list":["post-111329","post","type-post","status-publish","format-standard","hentry","category-actualite","category-burkina-faso"],"_links":{"self":[{"href":"https:\/\/linitiative.ca\/International\/wp-json\/wp\/v2\/posts\/111329","targetHints":{"allow":["GET"]}}],"collection":[{"href":"https:\/\/linitiative.ca\/International\/wp-json\/wp\/v2\/posts"}],"about":[{"href":"https:\/\/linitiative.ca\/International\/wp-json\/wp\/v2\/types\/post"}],"author":[{"embeddable":true,"href":"https:\/\/linitiative.ca\/International\/wp-json\/wp\/v2\/users\/1813"}],"replies":[{"embeddable":true,"href":"https:\/\/linitiative.ca\/International\/wp-json\/wp\/v2\/comments?post=111329"}],"version-history":[{"count":0,"href":"https:\/\/linitiative.ca\/International\/wp-json\/wp\/v2\/posts\/111329\/revisions"}],"wp:attachment":[{"href":"https:\/\/linitiative.ca\/International\/wp-json\/wp\/v2\/media?parent=111329"}],"wp:term":[{"taxonomy":"category","embeddable":true,"href":"https:\/\/linitiative.ca\/International\/wp-json\/wp\/v2\/categories?post=111329"},{"taxonomy":"post_tag","embeddable":true,"href":"https:\/\/linitiative.ca\/International\/wp-json\/wp\/v2\/tags?post=111329"}],"curies":[{"name":"wp","href":"https:\/\/api.w.org\/{rel}","templated":true}]}}