{"id":111330,"date":"2021-02-15T14:17:44","date_gmt":"2021-02-15T19:17:44","guid":{"rendered":"https:\/\/linitiative.ca\/International\/proces-de-deux-ex-chefs-de-guerre-centrafricains-la-cpi-doit-sanctionner-pour-lexemple\/"},"modified":"2021-02-15T14:17:44","modified_gmt":"2021-02-15T19:17:44","slug":"proces-de-deux-ex-chefs-de-guerre-centrafricains-la-cpi-doit-sanctionner-pour-lexemple","status":"publish","type":"post","link":"https:\/\/linitiative.ca\/International\/proces-de-deux-ex-chefs-de-guerre-centrafricains-la-cpi-doit-sanctionner-pour-lexemple\/","title":{"rendered":"PROCES DE DEUX EX-CHEFS DE GUERRE CENTRAFRICAINS : La CPI doit sanctionner pour l\u2019exemple"},"content":{"rendered":"<p class=\"c4\">Sauf changement de derni\u00e8re minute, c\u2019est, en principe, aujourd\u2019hui que s\u2019ouvre, devant la Cour p\u00e9nale internationale (CPI), le proc\u00e8s de deux ex-chefs de guerre centrafricains. Alfred Yekatom et Patrice-Edouard Nga\u00efssona, \u00a0puisque c\u2019est d\u2019eux qu\u2019il s\u2019agit, sont accus\u00e9s de crimes contre l\u2019humanit\u00e9 et crimes de guerre.\u00a0 Pour la CPI, ces deux ex-chefs miliciens anti-balaka se sont rendus coupables de graves crimes commis lors de la guerre civile de 2013 et 2014. Meurtres, exterminations, d\u00e9portations, tortures, pers\u00e9cution, disparitions forc\u00e9es, attaques contre des civils et contre des mosqu\u00e9es, bref la liste des chefs d\u2019accusation est longue comme un bras. Et durant ce proc\u00e8s qui est pr\u00e9vu pour se d\u00e9rouler du 16 au 18 f\u00e9vrier, le bureau de la Procureure qui a men\u00e9 des investigations, tentera d\u2019apporter des \u00e9l\u00e9ments de preuves tangibles \u00a0pour maintenir ces deux pr\u00e9sum\u00e9s coupables dans les liens de la Justice. Cela dit, en attendant de conna\u00eetre les peines qui pourraient \u00eatre retenues contre les deux accus\u00e9s, l\u2019on peut, d\u2019ores et d\u00e9j\u00e0, saluer l\u2019ouverture de ce proc\u00e8s.<\/p>\n<p class=\"c4\">En effet, tout se passe comme si les enfants de la Centrafrique n\u2019avaient rien appris de leurs erreurs. Pendant que les dirigeants de la sous-r\u00e9gion soutenus par la Communaut\u00e9 internationale, s\u2019\u00e9vertuent \u00e0 trouver une issue pacifique \u00e0 la longue crise s\u00e9curitaire qui aura fait des centaines voire des milliers de morts et mis sur le chemin de l\u2019exil, des dizaines de milliers de Centrafricains, les groupes arm\u00e9s continuent de conqu\u00e9rir le pouvoir par les armes. C\u2019est dire si ce proc\u00e8s pourrait se r\u00e9v\u00e9ler comme un espoir pour les milliers de Centrafricains qui auront pay\u00e9 un lourd tribut \u00e0 ces guerres civiles \u00e0 r\u00e9p\u00e9tition dans le pays. En tout cas, la CPI a l\u2019occasion de\u00a0 sanctionner pour l\u2019exemple. Ce d\u2019autant que les pr\u00e9venus que la Cour a, devant elle, ne sont autres que des individus sans foi ni loi.<\/p>\n<p class=\"c4\"><strong>Ce dossier judiciaire est un autre d\u00e9fi pour la Cour p\u00e9nale internationale<\/strong><\/p>\n<p class=\"c4\">On se rappelle, Patrice Nga\u00efssona qui passe pour \u00eatre la figure de proue des anti-balaka, avait d\u2019abord \u00e9t\u00e9 arr\u00eat\u00e9 en mi-d\u00e9cembre 2018 \u00e0 l\u2019a\u00e9roport international de Roissy en France. L\u2019ex-patron du football centrafricain sera ensuite extrad\u00e9 quelques semaines plus tard, sur d\u00e9cision de la Justice fran\u00e7aise, \u00e0 la Cour p\u00e9nale internationale o\u00f9 il rejoindra son compatriote et \u00e9lu national, Alfred Yekatom, arr\u00eat\u00e9 quelques semaines plus t\u00f4t \u00e0 Bangui, en novembre de la m\u00eame ann\u00e9e.\u00a0 Le d\u00e9put\u00e9 <em>pistolero<\/em> qui s\u2019\u00e9tait amus\u00e9 \u00e0 jouer au <em>cowboy<\/em> en d\u00e9gainant notamment en plein parlement, \u00e9tait, \u00e0 ce moment-l\u00e0, loin de se douter qu\u2019il se retrouverait dans la foul\u00e9e dans un avion pour la c\u00e9l\u00e8bre prison de Scheveningen.\u00a0 Le moins que l\u2019on puisse dire, c\u2019est que ce dossier judiciaire est un autre d\u00e9fi pour la Cour p\u00e9nale internationale. On peut m\u00eame dire que la CPI est d\u2019ores et d\u00e9j\u00e0 attendue au pied\u2026de la barre. Il lui appartient par cons\u00e9quent de se montrer \u00e0 la hauteur de l\u2019histoire pour redorer son blason quelque peu terni dans certaines affaires qui ont suscit\u00e9 la controverse. Car, non seulement ce dossier \u00a0risque de remettre au go\u00fbt du jour la pol\u00e9mique sur l\u2019efficacit\u00e9 de cette instance judiciaire internationale que d\u2019aucuns qualifient de \u00ab\u00a0<em>ge\u00f4le \u00e0 N\u00e8gres<\/em>\u00a0\u00bb et qui passe, \u00e0 tort ou \u00e0 raison, \u00a0aux yeux de nombreux observateurs, comme un instrument politique au service des puissants,\u00a0 mais aussi ses verdicts, par le pass\u00e9, n\u2019ont pas toujours convaincu.<\/p>\n<p class=\"c4\">A cet effet, il n\u2019y a qu\u2019\u00e0 voir les exemples des proc\u00e8s de l\u2019ex-pr\u00e9sident ivoirien, Laurent Gbagbo, et de l\u2019ex-chef de guerre et ex-vice-pr\u00e9sident congolais, Jean-Pierre Bemba, blanchis au final apr\u00e8s plusieurs ann\u00e9es de d\u00e9tention et de proc\u00e9dure, pour se convaincre que la CPI joue, une fois de plus, sa cr\u00e9dibilit\u00e9. C\u2019est pourquoi l\u2019institution de Fatou Bensouda doit donner un signal fort, par la solidit\u00e9 du dossier. Mais, quand on sait que la difficult\u00e9, dans ce genre de proc\u00e8s, a toujours \u00e9t\u00e9 d\u2019apporter la preuve, on peut craindre, comme dans les cas pr\u00e9c\u00e9dents cit\u00e9s plus haut, qu\u2019une \u00e9ventuelle faiblesse du dossier de la procureure, n\u2019aboutisse \u00e0 la relaxation pure et simple des pr\u00e9venus et ne laisse finalement un go\u00fbt d\u2019inachev\u00e9 dans un proc\u00e8s qui a pourtant toutes les raisons de se tenir. Ne serait-ce que pour l\u2019histoire et sa port\u00e9e p\u00e9dagogique.<\/p>\n<p class=\"c4\">C\u2019est donc un proc\u00e8s pour l\u2019avenir. Car, non seulement les plaies de cette page noire de l\u2019histoire de la RCA sont loin d\u2019\u00eatre cicatris\u00e9es, mais aussi la convalescence du grand malade centrafricain se prolonge tellement \u00e0 l\u2019infini que l\u2019on verrait bien la tenue d\u2019un proc\u00e8s exemplaire participer de sa th\u00e9rapie. Cela pourrait temp\u00e9rer les ardeurs de toutes les bandes arm\u00e9es qui continuent de s\u00e9vir en RCA et servir d\u2019avertissement \u00e0 d\u2019\u00e9ventuels p\u00eacheurs en eaux troubles qui seraient tent\u00e9s de commettre des exactions sur les populations, pensant pouvoir \u00e9chapper \u00e0 la justice des Hommes. C\u2019est \u00e0 ce prix que les Centrafricains pourront se r\u00e9concilier avec eux-m\u00eames, apr\u00e8s avoir \u00e9t\u00e9 \u00e9difi\u00e9s sur les tenants et les aboutissants de cette crise qui a profond\u00e9ment d\u00e9chir\u00e9 leur pays et dont ils continuent de subir les affres encore aujourd\u2019hui. Tout le mal qu\u2019on puisse leur souhaiter, c\u2019est que cette action puisse produire les effets escompt\u00e9s.<\/p>\n<p class=\"c4\"><em><strong>\u00ab\u00a0Le Pays\u00a0\u00bb<\/strong><\/em><\/p>\n<p class=\"c4\"><strong>\u00a0<\/strong><\/p>\n<p>Auteur: Le Pays<br \/>\n<a href=\"https:\/\/lepays.bf\/proces-de-deux-ex-chefs-de-guerre-centrafricains-la-cpi-doit-sanctionner-pour-lexemple\/\">Cliquez ici pour lire l&rsquo;article depuis sa source.<\/a><\/p>\n","protected":false},"excerpt":{"rendered":"<p>Sauf changement de derni\u00e8re minute, c\u2019est, en principe, aujourd\u2019hui que s\u2019ouvre, devant la Cour p\u00e9nale internationale (CPI), le proc\u00e8s de deux ex-chefs de guerre centrafricains. Alfred Yekatom et Patrice-Edouard Nga\u00efssona, \u00a0puisque c\u2019est d\u2019eux qu\u2019il s\u2019agit, sont accus\u00e9s de crimes contre l\u2019humanit\u00e9 et crimes de guerre.\u00a0 Pour la CPI, ces deux ex-chefs miliciens anti-balaka se sont [&hellip;]<\/p>\n","protected":false},"author":1813,"featured_media":0,"comment_status":"closed","ping_status":"closed","sticky":false,"template":"","format":"standard","meta":{"fifu_image_url":"","fifu_image_alt":"","footnotes":""},"categories":[73,81],"tags":[],"class_list":["post-111330","post","type-post","status-publish","format-standard","hentry","category-actualite","category-burkina-faso"],"_links":{"self":[{"href":"https:\/\/linitiative.ca\/International\/wp-json\/wp\/v2\/posts\/111330","targetHints":{"allow":["GET"]}}],"collection":[{"href":"https:\/\/linitiative.ca\/International\/wp-json\/wp\/v2\/posts"}],"about":[{"href":"https:\/\/linitiative.ca\/International\/wp-json\/wp\/v2\/types\/post"}],"author":[{"embeddable":true,"href":"https:\/\/linitiative.ca\/International\/wp-json\/wp\/v2\/users\/1813"}],"replies":[{"embeddable":true,"href":"https:\/\/linitiative.ca\/International\/wp-json\/wp\/v2\/comments?post=111330"}],"version-history":[{"count":0,"href":"https:\/\/linitiative.ca\/International\/wp-json\/wp\/v2\/posts\/111330\/revisions"}],"wp:attachment":[{"href":"https:\/\/linitiative.ca\/International\/wp-json\/wp\/v2\/media?parent=111330"}],"wp:term":[{"taxonomy":"category","embeddable":true,"href":"https:\/\/linitiative.ca\/International\/wp-json\/wp\/v2\/categories?post=111330"},{"taxonomy":"post_tag","embeddable":true,"href":"https:\/\/linitiative.ca\/International\/wp-json\/wp\/v2\/tags?post=111330"}],"curies":[{"name":"wp","href":"https:\/\/api.w.org\/{rel}","templated":true}]}}